{"id":169203,"date":"2014-02-19T02:50:58","date_gmt":"2014-02-19T02:50:58","guid":{"rendered":"https:\/\/www.enteratever.com\/2023\/respalda-dif-a-ninez-destacada-de-poza-rica\/"},"modified":"2014-02-19T02:50:58","modified_gmt":"2014-02-19T02:50:58","slug":"respalda-dif-a-ninez-destacada-de-poza-rica","status":"publish","type":"post","link":"https:\/\/www.enteratever.com\/2023\/2014\/02\/19\/respalda-dif-a-ninez-destacada-de-poza-rica\/","title":{"rendered":"Respalda DIF a ni\u00f1ez destacada de Poza Rica"},"content":{"rendered":"<p>Visitas: 0<\/p><figure id=\"attachment_32686\" aria-describedby=\"caption-attachment-32686\" style=\"width: 660px\" class=\"wp-caption aligncenter\"><a href=\"http:\/\/www.enteratever.com\/wp-content\/uploads\/2014\/02\/IMG_0192.jpg\"><img loading=\"lazy\" decoding=\"async\" class=\"size-full wp-image-32686\" alt=\"Respalda DIF a ni\u00f1ez destacada de Poza Rica\" src=\"http:\/\/www.enteratever.com\/wp-content\/uploads\/2014\/02\/IMG_0192.jpg\" width=\"660\" height=\"440\" \/><\/a><figcaption id=\"caption-attachment-32686\" class=\"wp-caption-text\">Respalda DIF a ni\u00f1ez destacada de Poza Rica<\/figcaption><\/figure>\n<p style=\"text-align: justify\">Las ni\u00f1as y los ni\u00f1os reciben el estimulo de la presidenta del Sistema Municipal para el Desarrollo Integral de la Familia (DIF), Araceli S\u00e1nchez de Quiroz, son diez pozarricenses que participaran este jueves en la convocatoria final de Premio Veracruz a Ni\u00f1as y Ni\u00f1os Destacados.<!--more--><\/p>\n<p style=\"text-align: justify\">Como titular de este organismo de ayuda social, Araceli S\u00e1nchez de Quiroz se reuni\u00f3 con los integrantes del representativo en esta ciudad, acompa\u00f1ados de sus padres y madres en las instalaciones del DIF Municipal.<\/p>\n<p style=\"text-align: justify\">Luego de expresarles sus mejores deseos en este concurso organizado por el sistema Estatal para el Desarrollo Integral de la Familia (SEDIF), Araceli S\u00e1nchez de Quiroz felicit\u00f3 a los familiares de las ni\u00f1as y los ni\u00f1os por el apoyo que les brindan para desarrollar sus aptitudes.<\/p>\n<p style=\"text-align: justify\">\u201cEs lo mejor que podemos hacer por nuestros hijos y nuestras hijas. Felicidades por ser maravillosos. Deseamos que regresen con buenos resultados\u201d, son las palabras que expres\u00f3 la presidenta del DIF Municipal, en su mensaje de despedida previo a la salida que tendr\u00e1n desde estas oficinas el pr\u00f3ximo jueves, con destino a la ciudad de Xalapa.<\/p>\n<p style=\"text-align: justify\">Araceli S\u00e1nchez de Quiroz brindar\u00e1 todas las facilidades para que las y los participantes viajen a la capital del estado, a fin de participar en las diversas actividades de este concurso estatal que, bajo las pol\u00edticas p\u00fablicas de la presidenta del SEDIF, Karime Mac\u00edas Tubilla, ofrece un reconocimiento a ni\u00f1as, ni\u00f1os, adolescentes sobresalientes por sus aptitudes y cualidades, convirti\u00e9ndose en un ejemplo a seguir en la entidad veracruzana.<\/p>\n<p style=\"text-align: justify\">Con 13 a\u00f1os de edad, Juan Manuel Alonso Rodr\u00edguez, participar\u00e1 en la materia de Aportaci\u00f3n Social, con el tema Evitar el Bullyng en las Instituciones Educativas, \u201cpienso que es una motivaci\u00f3n para los ni\u00f1os y dar soluci\u00f3n a algunas problem\u00e1ticas que se desarrollen en su comunidad\u201d, por ello agradeci\u00f3 el apoyo de la profesora Araceli S\u00e1nchez de Quiroz para dar a conocer su propuesta en beneficio de su estado y de su pa\u00eds.<\/p>\n<p style=\"text-align: justify\">Por su parte, Alexa Yamileth Salas Gallegos, de 12 a\u00f1os y estudiante del primer grado de secundaria, participar\u00e1 en actividades culturales, su cualidad es bailar y su inspiraci\u00f3n es el amor de su madre y su familia que le apoyan por desarrollar lo que m\u00e1s le gusta, \u201cme gusta que nos apoyen para descubrir nuestros talentos, nos apoyan y nos refuerzan, nos reconocen\u201d, gane o pierda se considera una ni\u00f1a feliz porque adquirir\u00e1 una gran experiencia.<\/p>\n","protected":false},"excerpt":{"rendered":"<p>Visitas: 0Las ni\u00f1as y los ni\u00f1os reciben el estimulo de la presidenta del Sistema Municipal para el Desarrollo Integral de la Familia (DIF), Araceli S\u00e1nchez de Quiroz, son diez pozarricenses que participaran este jueves en la convocatoria final de Premio Veracruz a Ni\u00f1as y Ni\u00f1os Destacados.<\/p>\n","protected":false},"author":2,"featured_media":0,"comment_status":"open","ping_status":"open","sticky":false,"template":"","format":"standard","meta":{"footnotes":""},"categories":[213],"tags":[],"class_list":{"0":"post-169203","1":"post","2":"type-post","3":"status-publish","4":"format-standard","6":"category-poza-rica"},"nelio_content":{"isAutoShareEnabled":true,"autoShareEndMode":"never","automationSources":{"useCustomSentences":false,"customSentences":[]},"followers":[],"suggestedReferences":[],"efiUrl":"","efiAlt":"","highlights":[],"permalinkQueryArgs":[],"series":[]},"_links":{"self":[{"href":"https:\/\/www.enteratever.com\/2023\/wp-json\/wp\/v2\/posts\/169203","targetHints":{"allow":["GET"]}}],"collection":[{"href":"https:\/\/www.enteratever.com\/2023\/wp-json\/wp\/v2\/posts"}],"about":[{"href":"https:\/\/www.enteratever.com\/2023\/wp-json\/wp\/v2\/types\/post"}],"author":[{"embeddable":true,"href":"https:\/\/www.enteratever.com\/2023\/wp-json\/wp\/v2\/users\/2"}],"replies":[{"embeddable":true,"href":"https:\/\/www.enteratever.com\/2023\/wp-json\/wp\/v2\/comments?post=169203"}],"version-history":[{"count":0,"href":"https:\/\/www.enteratever.com\/2023\/wp-json\/wp\/v2\/posts\/169203\/revisions"}],"wp:attachment":[{"href":"https:\/\/www.enteratever.com\/2023\/wp-json\/wp\/v2\/media?parent=169203"}],"wp:term":[{"taxonomy":"category","embeddable":true,"href":"https:\/\/www.enteratever.com\/2023\/wp-json\/wp\/v2\/categories?post=169203"},{"taxonomy":"post_tag","embeddable":true,"href":"https:\/\/www.enteratever.com\/2023\/wp-json\/wp\/v2\/tags?post=169203"}],"curies":[{"name":"wp","href":"https:\/\/api.w.org\/{rel}","templated":true}]}}