{"id":169188,"date":"2014-02-18T18:37:07","date_gmt":"2014-02-18T18:37:07","guid":{"rendered":"https:\/\/www.enteratever.com\/2023\/elizabeth-morales-garcia-toma-protesta-de-nuevo-delegado-del-v-distrito\/"},"modified":"2014-02-18T18:37:07","modified_gmt":"2014-02-18T18:37:07","slug":"elizabeth-morales-garcia-toma-protesta-de-nuevo-delegado-del-v-distrito","status":"publish","type":"post","link":"https:\/\/www.enteratever.com\/2023\/2014\/02\/18\/elizabeth-morales-garcia-toma-protesta-de-nuevo-delegado-del-v-distrito\/","title":{"rendered":"Nombran delegado del PRI en el Distrito"},"content":{"rendered":"<p>Visitas: 1<\/p><figure id=\"attachment_32470\" aria-describedby=\"caption-attachment-32470\" style=\"width: 659px\" class=\"wp-caption aligncenter\"><a href=\"http:\/\/www.enteratever.com\/wp-content\/uploads\/2014\/02\/IMG_9828.jpg\"><img loading=\"lazy\" decoding=\"async\" class=\"size-full wp-image-32470\" alt=\"Elizabeth Morales Garc\u00eda toma protesta de nuevo delegado del V Distrito\" src=\"http:\/\/www.enteratever.com\/wp-content\/uploads\/2014\/02\/IMG_9828.jpg\" width=\"659\" height=\"421\" \/><\/a><figcaption id=\"caption-attachment-32470\" class=\"wp-caption-text\">Elizabeth Morales Garc\u00eda toma protesta de nuevo delegado del V Distrito<\/figcaption><\/figure>\n<p style=\"text-align: justify\">Se llev\u00f3 a cabo este martes\u00a0la toma de protesta a C\u00e1ndido Navarro Ram\u00edrez, como Delegado del Comit\u00e9 Estatal en el V Distrito de Poza Rica\u00a0en la sede del Partido Revolucionario Institucional, a las 10:24 de la ma\u00f1ana,\u00a0por\u00a0Elizabeth Morales Garc\u00eda Presidenta del Comit\u00e9 Directivo Estatal del PRI.<!--more--><\/p>\n<p style=\"text-align: justify\">El nuevo delegado ha fungido como, Presidente Municipal de Tlapacoyan, Dirigente Regional de la Fesapauv, Presidente de la asociaci\u00f3n de ex alcaldes priistas, Director General de Telesecundarias.\u201c\u2026 Es un buen hombre y un buen ser humano, una gente altruista, quien se ha caracterizado por su sencillez y por su lealtad al partido\u2026\u201dagreg\u00f3 Elizabeth.<\/p>\n<p style=\"text-align: justify\">Luego de la toma de protesta, Navarro Ram\u00edrez levant\u00f3 la mano derecha y bajo el \u201cs\u00ed, protesto\u201d se hizo oficialmente delego del comit\u00e9 Estatal de este distrito.<\/p>\n","protected":false},"excerpt":{"rendered":"<p>Visitas: 1Se llev\u00f3 a cabo este martes\u00a0la toma de protesta a C\u00e1ndido Navarro Ram\u00edrez, como Delegado del Comit\u00e9 Estatal en el V Distrito de Poza Rica\u00a0en la sede del Partido Revolucionario Institucional, a las 10:24 de la ma\u00f1ana,\u00a0por\u00a0Elizabeth Morales Garc\u00eda Presidenta del Comit\u00e9 Directivo Estatal del PRI.<\/p>\n","protected":false},"author":2,"featured_media":0,"comment_status":"open","ping_status":"open","sticky":false,"template":"","format":"standard","meta":{"footnotes":""},"categories":[213],"tags":[],"class_list":{"0":"post-169188","1":"post","2":"type-post","3":"status-publish","4":"format-standard","6":"category-poza-rica"},"nelio_content":{"isAutoShareEnabled":true,"autoShareEndMode":"never","automationSources":{"useCustomSentences":false,"customSentences":[]},"followers":[],"suggestedReferences":[],"efiUrl":"","efiAlt":"","highlights":[],"permalinkQueryArgs":[],"series":[]},"_links":{"self":[{"href":"https:\/\/www.enteratever.com\/2023\/wp-json\/wp\/v2\/posts\/169188","targetHints":{"allow":["GET"]}}],"collection":[{"href":"https:\/\/www.enteratever.com\/2023\/wp-json\/wp\/v2\/posts"}],"about":[{"href":"https:\/\/www.enteratever.com\/2023\/wp-json\/wp\/v2\/types\/post"}],"author":[{"embeddable":true,"href":"https:\/\/www.enteratever.com\/2023\/wp-json\/wp\/v2\/users\/2"}],"replies":[{"embeddable":true,"href":"https:\/\/www.enteratever.com\/2023\/wp-json\/wp\/v2\/comments?post=169188"}],"version-history":[{"count":0,"href":"https:\/\/www.enteratever.com\/2023\/wp-json\/wp\/v2\/posts\/169188\/revisions"}],"wp:attachment":[{"href":"https:\/\/www.enteratever.com\/2023\/wp-json\/wp\/v2\/media?parent=169188"}],"wp:term":[{"taxonomy":"category","embeddable":true,"href":"https:\/\/www.enteratever.com\/2023\/wp-json\/wp\/v2\/categories?post=169188"},{"taxonomy":"post_tag","embeddable":true,"href":"https:\/\/www.enteratever.com\/2023\/wp-json\/wp\/v2\/tags?post=169188"}],"curies":[{"name":"wp","href":"https:\/\/api.w.org\/{rel}","templated":true}]}}