{"id":169171,"date":"2014-02-17T02:29:35","date_gmt":"2014-02-17T02:29:35","guid":{"rendered":"https:\/\/www.enteratever.com\/2023\/arranca-semana-de-salud-el-sabado\/"},"modified":"2014-02-17T02:29:35","modified_gmt":"2014-02-17T02:29:35","slug":"arranca-semana-de-salud-el-sabado","status":"publish","type":"post","link":"https:\/\/www.enteratever.com\/2023\/2014\/02\/17\/arranca-semana-de-salud-el-sabado\/","title":{"rendered":"Arranca semana de salud el s\u00e1bado"},"content":{"rendered":"<p>Visitas: 1<\/p><figure id=\"attachment_31754\" aria-describedby=\"caption-attachment-31754\" style=\"width: 630px\" class=\"wp-caption aligncenter\"><a href=\"http:\/\/www.enteratever.com\/wp-content\/uploads\/2014\/02\/Semana-de-Salud.jpg\"><img loading=\"lazy\" decoding=\"async\" class=\"size-full wp-image-31754\" alt=\"Arranca semana de salud el s\u00e1bado\" src=\"http:\/\/www.enteratever.com\/wp-content\/uploads\/2014\/02\/Semana-de-Salud.jpg\" width=\"630\" height=\"330\" \/><\/a><figcaption id=\"caption-attachment-31754\" class=\"wp-caption-text\">Arranca semana de salud el s\u00e1bado<\/figcaption><\/figure>\n<p style=\"text-align: justify\">Este s\u00e1bado 22 de febrero arranca la Primera Semana Nacional de Salud y el lunes 24 se llevar\u00e1 a cabo la Caminata de la Salud con una amplia convocatoria a la poblaci\u00f3n en general para que participe.<!--more--><\/p>\n<p style=\"text-align: justify\">El alcalde, C\u00e9sar Ulises Garc\u00eda V\u00e1zquez, hizo un llamado a los coatzintecos para que aprovechen esta jornada de vacunaci\u00f3n masiva y que colabore con el personal de salud para que todos los ni\u00f1os sean inmunizados.<\/p>\n<p style=\"text-align: justify\">Destac\u00f3 las metas de la Semana Nacional de Salud que, para el caso de Coatzintla, pretende aplicar 2 mil 385 dosis de Sabin, as\u00ed como tambi\u00e9n atacar rotavirus, hepatitis, sarampi\u00f3n, rub\u00e9ola, neumococo, entre otras enfermedades.<\/p>\n<p style=\"text-align: justify\">Por su parte el Director del Centro de Salud de Coatzintla, Juan Cruz Nu\u00f1ez, dijo que si bien no se ha presentado rebrotes de enfermedades que ya se declararon erradicadas, no se puede echar campanas al vuelo pues la labor de prevenci\u00f3n debe ser permanente.<\/p>\n<p style=\"text-align: justify\">En ese sentido manifest\u00f3 que reforzar\u00e1n los esquemas de vacunaci\u00f3n para lo cual se va a revisar el carnet de cada ni\u00f1o y se le aplicar\u00e1n las dosis que les falte, as\u00ed como tambi\u00e9n se har\u00e1 \u00e9nfasis en la atenci\u00f3n de mujeres embarazadas para garantizar que los beb\u00e9s nazcan sanos.<\/p>\n","protected":false},"excerpt":{"rendered":"<p>Visitas: 1Este s\u00e1bado 22 de febrero arranca la Primera Semana Nacional de Salud y el lunes 24 se llevar\u00e1 a cabo la Caminata de la Salud con una amplia convocatoria a la poblaci\u00f3n en general para que participe.<\/p>\n","protected":false},"author":2,"featured_media":0,"comment_status":"open","ping_status":"open","sticky":false,"template":"","format":"standard","meta":{"footnotes":""},"categories":[213],"tags":[],"class_list":{"0":"post-169171","1":"post","2":"type-post","3":"status-publish","4":"format-standard","6":"category-poza-rica"},"nelio_content":{"isAutoShareEnabled":true,"autoShareEndMode":"never","automationSources":{"useCustomSentences":false,"customSentences":[]},"followers":[],"suggestedReferences":[],"efiUrl":"","efiAlt":"","highlights":[],"permalinkQueryArgs":[],"series":[]},"_links":{"self":[{"href":"https:\/\/www.enteratever.com\/2023\/wp-json\/wp\/v2\/posts\/169171","targetHints":{"allow":["GET"]}}],"collection":[{"href":"https:\/\/www.enteratever.com\/2023\/wp-json\/wp\/v2\/posts"}],"about":[{"href":"https:\/\/www.enteratever.com\/2023\/wp-json\/wp\/v2\/types\/post"}],"author":[{"embeddable":true,"href":"https:\/\/www.enteratever.com\/2023\/wp-json\/wp\/v2\/users\/2"}],"replies":[{"embeddable":true,"href":"https:\/\/www.enteratever.com\/2023\/wp-json\/wp\/v2\/comments?post=169171"}],"version-history":[{"count":0,"href":"https:\/\/www.enteratever.com\/2023\/wp-json\/wp\/v2\/posts\/169171\/revisions"}],"wp:attachment":[{"href":"https:\/\/www.enteratever.com\/2023\/wp-json\/wp\/v2\/media?parent=169171"}],"wp:term":[{"taxonomy":"category","embeddable":true,"href":"https:\/\/www.enteratever.com\/2023\/wp-json\/wp\/v2\/categories?post=169171"},{"taxonomy":"post_tag","embeddable":true,"href":"https:\/\/www.enteratever.com\/2023\/wp-json\/wp\/v2\/tags?post=169171"}],"curies":[{"name":"wp","href":"https:\/\/api.w.org\/{rel}","templated":true}]}}