{"id":169159,"date":"2014-02-15T22:32:01","date_gmt":"2014-02-15T22:32:01","guid":{"rendered":"https:\/\/www.enteratever.com\/2023\/voces-del-romance-en-casa-de-cultura\/"},"modified":"2014-02-15T22:32:01","modified_gmt":"2014-02-15T22:32:01","slug":"voces-del-romance-en-casa-de-cultura","status":"publish","type":"post","link":"https:\/\/www.enteratever.com\/2023\/2014\/02\/15\/voces-del-romance-en-casa-de-cultura\/","title":{"rendered":"Voces del romance, en Casa de Cultura"},"content":{"rendered":"<p>Visitas: 2<\/p><figure id=\"attachment_31578\" aria-describedby=\"caption-attachment-31578\" style=\"width: 656px\" class=\"wp-caption aligncenter\"><a href=\"http:\/\/www.enteratever.com\/wp-content\/uploads\/2014\/02\/DSCN9957.jpg\"><img loading=\"lazy\" decoding=\"async\" class=\"size-full wp-image-31578\" alt=\"Voces del romance, en Casa de Cultura\" src=\"http:\/\/www.enteratever.com\/wp-content\/uploads\/2014\/02\/DSCN9957.jpg\" width=\"656\" height=\"415\" \/><\/a><figcaption id=\"caption-attachment-31578\" class=\"wp-caption-text\">Voces del romance, en Casa de Cultura<\/figcaption><\/figure>\n<p style=\"text-align: justify\">\u00abVoces del Romance\u00bb el programa que se desarroll\u00f3 el viernes en Casa de Cultura de Poza Rica, reuni\u00f3 a grandes cantantes de la ciudad que deleitaron al numeroso p\u00fablico m\u00e1s de dos horas disfrutando de la m\u00fasica popular.<!--more--><\/p>\n<p style=\"text-align: justify\">El patio central de Casa de Cultura fue el lugar donde las voces del romance derramaron su talento, cobijados por una luna llena que con su brillo parec\u00eda, tambi\u00e9n, disfrutar de los artistas locales que le cantaban al amor.<\/p>\n<p style=\"text-align: justify\">Livia D\u00edaz, La Paloma, fue una de las m\u00e1s aplaudidas de la noche, lo mismo que Peruyero, ambos experimentados cantantes que demostraron porque son de los consentidos del p\u00fablico.<\/p>\n<p style=\"text-align: justify\">En el lugar estuvo presente el regidor Tonatiuh Paredes. El evento fue conducido por Arantza Garc\u00eda y Alberto Berman.<\/p>\n\n","protected":false},"excerpt":{"rendered":"<p>Visitas: 2\u00abVoces del Romance\u00bb el programa que se desarroll\u00f3 el viernes en Casa de Cultura de Poza Rica, reuni\u00f3 a grandes cantantes de la ciudad que deleitaron al numeroso p\u00fablico m\u00e1s de dos horas disfrutando de la m\u00fasica popular.<\/p>\n","protected":false},"author":2,"featured_media":0,"comment_status":"open","ping_status":"open","sticky":false,"template":"","format":"standard","meta":{"footnotes":""},"categories":[213],"tags":[],"class_list":{"0":"post-169159","1":"post","2":"type-post","3":"status-publish","4":"format-standard","6":"category-poza-rica"},"nelio_content":{"isAutoShareEnabled":true,"autoShareEndMode":"never","automationSources":{"useCustomSentences":false,"customSentences":[]},"followers":[],"suggestedReferences":[],"efiUrl":"","efiAlt":"","highlights":[],"permalinkQueryArgs":[],"series":[]},"_links":{"self":[{"href":"https:\/\/www.enteratever.com\/2023\/wp-json\/wp\/v2\/posts\/169159","targetHints":{"allow":["GET"]}}],"collection":[{"href":"https:\/\/www.enteratever.com\/2023\/wp-json\/wp\/v2\/posts"}],"about":[{"href":"https:\/\/www.enteratever.com\/2023\/wp-json\/wp\/v2\/types\/post"}],"author":[{"embeddable":true,"href":"https:\/\/www.enteratever.com\/2023\/wp-json\/wp\/v2\/users\/2"}],"replies":[{"embeddable":true,"href":"https:\/\/www.enteratever.com\/2023\/wp-json\/wp\/v2\/comments?post=169159"}],"version-history":[{"count":0,"href":"https:\/\/www.enteratever.com\/2023\/wp-json\/wp\/v2\/posts\/169159\/revisions"}],"wp:attachment":[{"href":"https:\/\/www.enteratever.com\/2023\/wp-json\/wp\/v2\/media?parent=169159"}],"wp:term":[{"taxonomy":"category","embeddable":true,"href":"https:\/\/www.enteratever.com\/2023\/wp-json\/wp\/v2\/categories?post=169159"},{"taxonomy":"post_tag","embeddable":true,"href":"https:\/\/www.enteratever.com\/2023\/wp-json\/wp\/v2\/tags?post=169159"}],"curies":[{"name":"wp","href":"https:\/\/api.w.org\/{rel}","templated":true}]}}