{"id":169158,"date":"2014-02-17T14:10:41","date_gmt":"2014-02-17T14:10:41","guid":{"rendered":"https:\/\/www.enteratever.com\/2023\/sindicaliza-setsuv-plazas-de-la-uvi\/"},"modified":"2014-02-17T14:10:41","modified_gmt":"2014-02-17T14:10:41","slug":"sindicaliza-setsuv-plazas-de-la-uvi","status":"publish","type":"post","link":"https:\/\/www.enteratever.com\/2023\/2014\/02\/17\/sindicaliza-setsuv-plazas-de-la-uvi\/","title":{"rendered":"Sindicaliza SETSUV plazas de la UVI"},"content":{"rendered":"<p>Visitas: 1<\/p><dl id=\"attachment_31573\">\n<dt><span style=\"line-height: 1.5em\">Por:Jazm\u00edn Morales<\/span><\/dt>\n<\/dl>\n<p>&nbsp;<\/p>\n<figure id=\"attachment_31735\" aria-describedby=\"caption-attachment-31735\" style=\"width: 657px\" class=\"wp-caption aligncenter\"><a href=\"http:\/\/www.enteratever.com\/wp-content\/uploads\/2014\/02\/UVI-Ixhuatlan.jpg\"><img loading=\"lazy\" decoding=\"async\" class=\"size-full wp-image-31735\" alt=\"Sindicaliza SETSUV plazas de la UVI\" src=\"http:\/\/www.enteratever.com\/wp-content\/uploads\/2014\/02\/UVI-Ixhuatlan.jpg\" width=\"657\" height=\"431\" \/><\/a><figcaption id=\"caption-attachment-31735\" class=\"wp-caption-text\">Sindicaliza SETSUV plazas de la UVI<\/figcaption><\/figure>\n<p>Adquiri\u00f3 15 nuevas plazas el Sindicato Estatal de Trabajadores al Servicio de la Universidad Veracruzana en Poza Rica lo que es el mayor logro obtenido tras las demandas hechas a la Instituci\u00f3n con el emplazamiento a huelga y la revisi\u00f3n al contrato Colectivo de Trabajo , afirma Pedro Rudecindo Villalba Secretario general del Sindicato Estatal de Trabajadores al Servicio de la Universidad Veracruzana (SETSUV).<\/p>\n<p>Explic\u00f3 que el personal de la Universidad Veracruzana Intercultural (UVI) de la sierra ya est\u00e1 afiliado al sindicato, y las plazas van a ser controladas por el SETSUV, de igual forma las facultades, donde se van a adquirir m\u00e1s plazas, agreg\u00f3.<\/p>\n<figure id=\"attachment_31574\" aria-describedby=\"caption-attachment-31574\" style=\"width: 660px\" class=\"wp-caption aligncenter\"><a href=\"http:\/\/www.enteratever.com\/wp-content\/uploads\/2014\/02\/IMG_7248.jpg\"><img loading=\"lazy\" decoding=\"async\" class=\"size-full wp-image-31574\" alt=\"Sindicaliza SETSUV plazas de la UVI\" src=\"http:\/\/www.enteratever.com\/wp-content\/uploads\/2014\/02\/IMG_7248.jpg\" width=\"660\" height=\"382\" \/><\/a><figcaption id=\"caption-attachment-31574\" class=\"wp-caption-text\">Sindicaliza SETSUV plazas de la UVI<\/figcaption><\/figure>\n<p>El personal que labora en la sierra se va a beneficiar, ya que entrar\u00e1n al sindicato, en este momento son 6 personas, que la comisi\u00f3n de carga de trabajo va a ver las plazas que hay disponibles, y as\u00ed poder ser colocadas, dentro de la administrativa, t\u00e9cnica o manual.<\/p>\n<p>Por otro lado, la quincena del d\u00eda del empleado manifiesta que no est\u00e0 dentro del contrato, aunque les gustar\u00eda y no descartan la posibilidad de poder firmarlo en cualquier momento.<\/p>\n<p>El gobernador es quien proporciona, la quincena al sindicato para que este a su vez se lo haga llegar a todos los trabajadores, en este momento est\u00e1 esperando un llamado del mandatario para ver qu\u00e9 suceder\u00e1, finaliz\u00f3.<\/p>\n","protected":false},"excerpt":{"rendered":"<p>Visitas: 1 Por:Jazm\u00edn Morales &nbsp; Adquiri\u00f3 15 nuevas plazas el Sindicato Estatal de Trabajadores al Servicio de la Universidad Veracruzana en Poza Rica lo que es el mayor logro obtenido tras las demandas hechas a la Instituci\u00f3n con el emplazamiento a huelga y la revisi\u00f3n al contrato Colectivo de Trabajo , afirma Pedro Rudecindo Villalba [&hellip;]<\/p>\n","protected":false},"author":2,"featured_media":0,"comment_status":"open","ping_status":"open","sticky":false,"template":"","format":"standard","meta":{"footnotes":""},"categories":[213],"tags":[],"class_list":{"0":"post-169158","1":"post","2":"type-post","3":"status-publish","4":"format-standard","6":"category-poza-rica"},"nelio_content":{"isAutoShareEnabled":true,"autoShareEndMode":"never","automationSources":{"useCustomSentences":false,"customSentences":[]},"followers":[],"suggestedReferences":[],"efiUrl":"","efiAlt":"","highlights":[],"permalinkQueryArgs":[],"series":[]},"_links":{"self":[{"href":"https:\/\/www.enteratever.com\/2023\/wp-json\/wp\/v2\/posts\/169158","targetHints":{"allow":["GET"]}}],"collection":[{"href":"https:\/\/www.enteratever.com\/2023\/wp-json\/wp\/v2\/posts"}],"about":[{"href":"https:\/\/www.enteratever.com\/2023\/wp-json\/wp\/v2\/types\/post"}],"author":[{"embeddable":true,"href":"https:\/\/www.enteratever.com\/2023\/wp-json\/wp\/v2\/users\/2"}],"replies":[{"embeddable":true,"href":"https:\/\/www.enteratever.com\/2023\/wp-json\/wp\/v2\/comments?post=169158"}],"version-history":[{"count":0,"href":"https:\/\/www.enteratever.com\/2023\/wp-json\/wp\/v2\/posts\/169158\/revisions"}],"wp:attachment":[{"href":"https:\/\/www.enteratever.com\/2023\/wp-json\/wp\/v2\/media?parent=169158"}],"wp:term":[{"taxonomy":"category","embeddable":true,"href":"https:\/\/www.enteratever.com\/2023\/wp-json\/wp\/v2\/categories?post=169158"},{"taxonomy":"post_tag","embeddable":true,"href":"https:\/\/www.enteratever.com\/2023\/wp-json\/wp\/v2\/tags?post=169158"}],"curies":[{"name":"wp","href":"https:\/\/api.w.org\/{rel}","templated":true}]}}