{"id":169157,"date":"2014-02-15T21:21:27","date_gmt":"2014-02-15T21:21:27","guid":{"rendered":"https:\/\/www.enteratever.com\/2023\/todo-el-apoyo-de-dif-contra-el-cancer-infantil\/"},"modified":"2014-02-15T21:21:27","modified_gmt":"2014-02-15T21:21:27","slug":"todo-el-apoyo-de-dif-contra-el-cancer-infantil","status":"publish","type":"post","link":"https:\/\/www.enteratever.com\/2023\/2014\/02\/15\/todo-el-apoyo-de-dif-contra-el-cancer-infantil\/","title":{"rendered":"Todo el apoyo de DIF contra el c\u00e1ncer infantil"},"content":{"rendered":"<p>Visitas: 1<\/p><figure id=\"attachment_31567\" aria-describedby=\"caption-attachment-31567\" style=\"width: 660px\" class=\"wp-caption aligncenter\"><a href=\"http:\/\/www.enteratever.com\/wp-content\/uploads\/2014\/02\/IMG_9909.jpg\"><img loading=\"lazy\" decoding=\"async\" class=\"size-full wp-image-31567\" alt=\"Todo el apoyo de DIF contra el c\u00e1ncer infantil\" src=\"http:\/\/www.enteratever.com\/wp-content\/uploads\/2014\/02\/IMG_9909.jpg\" width=\"660\" height=\"440\" \/><\/a><figcaption id=\"caption-attachment-31567\" class=\"wp-caption-text\">Todo el apoyo de DIF contra el c\u00e1ncer infantil<\/figcaption><\/figure>\n<p style=\"text-align: justify\">La lucha contra el c\u00e1ncer infantil ser\u00e1 de forma permanente en Poza Rica, la presidenta del Sistema Municipal para el Desarrollo Integral de la Familia (DIF), Araceli S\u00e1nchez de Quiroz, reiter\u00f3 su compromiso por ni\u00f1as y ni\u00f1os, agotando todo apoyo a posibles pacientes y sus familiares, principalmente a personas de escasos recursos, cuyo fin es atender de forma pertinente el padecimiento.<!--more--><\/p>\n<p style=\"text-align: justify\">A partir de las ocho de la ma\u00f1ana acudieron al punto de encuentro miembros del voluntariado del DIF Municipal, donde puntualmente la presidenta Araceli S\u00e1nchez de Quiroz particip\u00f3 con el distintivo del lazo dorado, en el desfile que organiz\u00f3 la Secretaria de Salud, a trav\u00e9s de la Jurisdicci\u00f3n Sanitaria No. 3, recorriendo el bulevar Adolfo Ruiz Cort\u00ednes hasta llegar al domo de la Plaza Civica \u201c18 de Marzo\u201d.<\/p>\n<p style=\"text-align: justify\">En esta importante conmemoraci\u00f3n a favor de la ni\u00f1ez pozarricense, se sumaron las promotoras del DIF quienes cumplir\u00e1n con la indicaci\u00f3n de Araceli S\u00e1nchez de Quiroz en tomar estricta vigilancia en las 120 colonias de Poza Rica y atender de forma pronta a las familias que pudieran enfrentar el c\u00e1ncer infantil.<\/p>\n<p style=\"text-align: justify\">De la Jurisdicci\u00f3n Sanitaria No. 3, el coordinador de PRONAREMI, Victor Hugo Su Jim\u00e9nez, dio un mensaje informando a asistentes sobre la campa\u00f1a de lucha permanente que se ejecutar\u00e1 en este y los municipios del norte veracruzano; entre las actividades primordiales, ser\u00e1 capacitaci\u00f3n para docentes y alumnos de escuelas de educaci\u00f3n primaria para la difusi\u00f3n de prevenci\u00f3n y detecci\u00f3n oportuna, asi como en medios de comunicaci\u00f3n.<\/p>\n<p style=\"text-align: justify\">La presidenta del DIF, Araceli S\u00e1nchez de Quiroz, hizo la invitaci\u00f3n a padres y madres de familia para que atiendan cualquier irregularidad que observen en sus hijos y sus hijas, en el objetivo de descartar que la ni\u00f1ez pozarricense este en riesgo.<\/p>\n<p style=\"text-align: justify\">\u201cNo echen en saco roto lo que despu\u00e9s podamos estarnos arrepintiendo\u201d, invit\u00f3 la presidenta del DIF que la instituci\u00f3n otorgar\u00e1 todo tipo de apoyo para las familias que se encuentren en situaci\u00f3n de lucha contra el c\u00e1ncer infantil.<\/p>\n<p style=\"text-align: justify\">El lazo dorado es la insignia por la lucha contra el C\u00e1ncer Infantil, Araceli S\u00e1nchez de Quiroz reiter\u00f3 su compromiso con la Secretaria de Salud de Veracruz, cumpliendo las indicaciones de las pol\u00edticas p\u00fablicas del Gobernador del Estado de Veracruz, Javier Duarte de Ochoa, asi como de la presidenta del DIF Estatal, Karime Mac\u00edas Tubilla, preocupados por la salud de ni\u00f1as y ni\u00f1os.<\/p>\n<p style=\"text-align: justify\">En este acto conmemorativo, asistieron tambi\u00e9n la jefa de la Jurisdicci\u00f3n Sanitaria No. 3, Maria del Rosario Espinoza Gloria; la regidora comisionada en Salud del Ayuntamiento de Poza Rica, Sandra Irasema P\u00e9rez Hern\u00e1ndez; la directora del Instituto Municipal de la Mujer, Cecilia Guevara de Elias; asi como la directora del DIF Municipal, Manuela Hayd\u00e9 Saavedra Monterrubio.<\/p>\n\n","protected":false},"excerpt":{"rendered":"<p>Visitas: 1La lucha contra el c\u00e1ncer infantil ser\u00e1 de forma permanente en Poza Rica, la presidenta del Sistema Municipal para el Desarrollo Integral de la Familia (DIF), Araceli S\u00e1nchez de Quiroz, reiter\u00f3 su compromiso por ni\u00f1as y ni\u00f1os, agotando todo apoyo a posibles pacientes y sus familiares, principalmente a personas de escasos recursos, cuyo fin [&hellip;]<\/p>\n","protected":false},"author":2,"featured_media":0,"comment_status":"open","ping_status":"open","sticky":false,"template":"","format":"standard","meta":{"footnotes":""},"categories":[213],"tags":[],"class_list":{"0":"post-169157","1":"post","2":"type-post","3":"status-publish","4":"format-standard","6":"category-poza-rica"},"nelio_content":{"isAutoShareEnabled":true,"autoShareEndMode":"never","automationSources":{"useCustomSentences":false,"customSentences":[]},"followers":[],"suggestedReferences":[],"efiUrl":"","efiAlt":"","highlights":[],"permalinkQueryArgs":[],"series":[]},"_links":{"self":[{"href":"https:\/\/www.enteratever.com\/2023\/wp-json\/wp\/v2\/posts\/169157","targetHints":{"allow":["GET"]}}],"collection":[{"href":"https:\/\/www.enteratever.com\/2023\/wp-json\/wp\/v2\/posts"}],"about":[{"href":"https:\/\/www.enteratever.com\/2023\/wp-json\/wp\/v2\/types\/post"}],"author":[{"embeddable":true,"href":"https:\/\/www.enteratever.com\/2023\/wp-json\/wp\/v2\/users\/2"}],"replies":[{"embeddable":true,"href":"https:\/\/www.enteratever.com\/2023\/wp-json\/wp\/v2\/comments?post=169157"}],"version-history":[{"count":0,"href":"https:\/\/www.enteratever.com\/2023\/wp-json\/wp\/v2\/posts\/169157\/revisions"}],"wp:attachment":[{"href":"https:\/\/www.enteratever.com\/2023\/wp-json\/wp\/v2\/media?parent=169157"}],"wp:term":[{"taxonomy":"category","embeddable":true,"href":"https:\/\/www.enteratever.com\/2023\/wp-json\/wp\/v2\/categories?post=169157"},{"taxonomy":"post_tag","embeddable":true,"href":"https:\/\/www.enteratever.com\/2023\/wp-json\/wp\/v2\/tags?post=169157"}],"curies":[{"name":"wp","href":"https:\/\/api.w.org\/{rel}","templated":true}]}}