{"id":169152,"date":"2014-02-15T18:33:01","date_gmt":"2014-02-15T18:33:01","guid":{"rendered":"https:\/\/www.enteratever.com\/2023\/familia-pilar-mas-solido-de-la-sociedad-cesar-ulises-garcia-vazquez\/"},"modified":"2014-02-15T18:33:01","modified_gmt":"2014-02-15T18:33:01","slug":"familia-pilar-mas-solido-de-la-sociedad-cesar-ulises-garcia-vazquez","status":"publish","type":"post","link":"https:\/\/www.enteratever.com\/2023\/2014\/02\/15\/familia-pilar-mas-solido-de-la-sociedad-cesar-ulises-garcia-vazquez\/","title":{"rendered":"Familia, pilar m\u00e1s s\u00f3lido  de la sociedad: C\u00e9sar Ulises Garc\u00eda V\u00e1zquez"},"content":{"rendered":"<p>Visitas: 8<\/p><figure id=\"attachment_31509\" aria-describedby=\"caption-attachment-31509\" style=\"width: 660px\" class=\"wp-caption aligncenter\"><a href=\"http:\/\/www.enteratever.com\/wp-content\/uploads\/2014\/02\/Nota1-1.jpg\"><img loading=\"lazy\" decoding=\"async\" class=\"size-full wp-image-31509\" alt=\"Familia, pilar m\u00e1s s\u00f3lido  de la sociedad: C\u00e9sar Ulises Garc\u00eda V\u00e1zquez\" src=\"http:\/\/www.enteratever.com\/wp-content\/uploads\/2014\/02\/Nota1-1.jpg\" width=\"660\" height=\"495\" \/><\/a><figcaption id=\"caption-attachment-31509\" class=\"wp-caption-text\">Familia, pilar m\u00e1s s\u00f3lido de la sociedad: C\u00e9sar Ulises Garc\u00eda V\u00e1zquez<\/figcaption><\/figure>\n<p style=\"text-align: justify\">\u201cLa familia es el pilar m\u00e1s s\u00f3lido de la sociedad\u201d, dijo el alcalde C\u00e9sar Ulises Garc\u00eda V\u00e1zquez, al encabezar ayer la ceremonia de matrimonios colectivos durante el cual 48 parejas de j\u00f3venes y adultos legalizaron su uni\u00f3n.<!--more--><\/p>\n<p style=\"text-align: justify\">El auditorio de la Casa de Cultura del Municipio de Coatzintla fue el marco en el que tuvo verificativo este significativo evento en el que se dieron cita las parejas y sus familiares quienes convivieron en un ambiente cordial y jovial.<\/p>\n<figure id=\"attachment_31508\" aria-describedby=\"caption-attachment-31508\" style=\"width: 659px\" class=\"wp-caption aligncenter\"><a href=\"http:\/\/www.enteratever.com\/wp-content\/uploads\/2014\/02\/Nota1.jpg\"><img loading=\"lazy\" decoding=\"async\" class=\"size-full wp-image-31508\" alt=\"Familia, pilar m\u00e1s s\u00f3lido  de la sociedad: C\u00e9sar Ulises Garc\u00eda V\u00e1zquez\" src=\"http:\/\/www.enteratever.com\/wp-content\/uploads\/2014\/02\/Nota1.jpg\" width=\"659\" height=\"449\" \/><\/a><figcaption id=\"caption-attachment-31508\" class=\"wp-caption-text\">Familia, pilar m\u00e1s s\u00f3lido de la sociedad: C\u00e9sar Ulises Garc\u00eda V\u00e1zquez<\/figcaption><\/figure>\n<p style=\"text-align: justify\">Toc\u00f3 a la directora del sistema DIF municipal convocar a cada uno de los matrimonios para que pasaran a recoger el documento en el que qued\u00f3 debidamente legalizada su uni\u00f3n, un acto de certeza jur\u00eddica para los integrantes de la familia.<\/p>\n<p style=\"text-align: justify\">Acompa\u00f1ado de su esposa, la se\u00f1ora Gladiola S\u00e1nchez de Garc\u00eda, el presidente municipal, C\u00e9sar Ulises Garc\u00eda V\u00e1zquez, felicit\u00f3 a los reci\u00e9n casados y destac\u00f3 que las autoridades lo \u00fanico que pretenden es que las familias tengan su certeza jur\u00eddica.<\/p>\n<p style=\"text-align: justify\">Por esa raz\u00f3n, manifest\u00f3, se promueven las bodas en todo el Municipio y se brindan los tr\u00e1mites y servicios de manera gratuita.<\/p>\n<p style=\"text-align: justify\">Con el matrimonio se adquieren tanto derechos como obligaciones, mayor seguridad a la mujer y para los hijos, entre otras ventajas.<\/p>\n","protected":false},"excerpt":{"rendered":"<p>Visitas: 8\u201cLa familia es el pilar m\u00e1s s\u00f3lido de la sociedad\u201d, dijo el alcalde C\u00e9sar Ulises Garc\u00eda V\u00e1zquez, al encabezar ayer la ceremonia de matrimonios colectivos durante el cual 48 parejas de j\u00f3venes y adultos legalizaron su uni\u00f3n.<\/p>\n","protected":false},"author":2,"featured_media":0,"comment_status":"open","ping_status":"open","sticky":false,"template":"","format":"standard","meta":{"footnotes":""},"categories":[213],"tags":[],"class_list":{"0":"post-169152","1":"post","2":"type-post","3":"status-publish","4":"format-standard","6":"category-poza-rica"},"nelio_content":{"isAutoShareEnabled":true,"autoShareEndMode":"never","automationSources":{"useCustomSentences":false,"customSentences":[]},"followers":[],"suggestedReferences":[],"efiUrl":"","efiAlt":"","highlights":[],"permalinkQueryArgs":[],"series":[]},"_links":{"self":[{"href":"https:\/\/www.enteratever.com\/2023\/wp-json\/wp\/v2\/posts\/169152","targetHints":{"allow":["GET"]}}],"collection":[{"href":"https:\/\/www.enteratever.com\/2023\/wp-json\/wp\/v2\/posts"}],"about":[{"href":"https:\/\/www.enteratever.com\/2023\/wp-json\/wp\/v2\/types\/post"}],"author":[{"embeddable":true,"href":"https:\/\/www.enteratever.com\/2023\/wp-json\/wp\/v2\/users\/2"}],"replies":[{"embeddable":true,"href":"https:\/\/www.enteratever.com\/2023\/wp-json\/wp\/v2\/comments?post=169152"}],"version-history":[{"count":0,"href":"https:\/\/www.enteratever.com\/2023\/wp-json\/wp\/v2\/posts\/169152\/revisions"}],"wp:attachment":[{"href":"https:\/\/www.enteratever.com\/2023\/wp-json\/wp\/v2\/media?parent=169152"}],"wp:term":[{"taxonomy":"category","embeddable":true,"href":"https:\/\/www.enteratever.com\/2023\/wp-json\/wp\/v2\/categories?post=169152"},{"taxonomy":"post_tag","embeddable":true,"href":"https:\/\/www.enteratever.com\/2023\/wp-json\/wp\/v2\/tags?post=169152"}],"curies":[{"name":"wp","href":"https:\/\/api.w.org\/{rel}","templated":true}]}}