{"id":169147,"date":"2014-02-14T23:20:33","date_gmt":"2014-02-14T23:20:33","guid":{"rendered":"https:\/\/www.enteratever.com\/2023\/busca-prd-alianzas-en-zn-ante-renovacion-de-dirigencias\/"},"modified":"2014-02-14T23:20:33","modified_gmt":"2014-02-14T23:20:33","slug":"busca-prd-alianzas-en-zn-ante-renovacion-de-dirigencias","status":"publish","type":"post","link":"https:\/\/www.enteratever.com\/2023\/2014\/02\/14\/busca-prd-alianzas-en-zn-ante-renovacion-de-dirigencias\/","title":{"rendered":"Busca PRD alianzas en ZN ante renovaci\u00f3n de dirigencias"},"content":{"rendered":"<p>Visitas: 1<\/p><figure id=\"attachment_31299\" aria-describedby=\"caption-attachment-31299\" style=\"width: 660px\" class=\"wp-caption aligncenter\"><a href=\"http:\/\/www.enteratever.com\/wp-content\/uploads\/2014\/02\/IMG_7395.jpg\"><img loading=\"lazy\" decoding=\"async\" class=\"size-full wp-image-31299\" alt=\"Busca PRD alianzas en ZN ante renovaci\u00f3n de dirigencias\" src=\"http:\/\/www.enteratever.com\/wp-content\/uploads\/2014\/02\/IMG_7395.jpg\" width=\"660\" height=\"440\" \/><\/a><figcaption id=\"caption-attachment-31299\" class=\"wp-caption-text\">Busca PRD alianzas en ZN ante renovaci\u00f3n de dirigencias<\/figcaption><\/figure>\n<p style=\"text-align: justify\">Por: Jazm\u00edn Morales<\/p>\n<p style=\"text-align: justify\">Se trabajar\u00e1 con varios perredistas de la Zona Norte del Estado, previo a los trabajos de renovaci\u00f3n de la direcci\u00f3n Nacional y Estatal del PRD, as\u00ed lo afirm\u00f3 Enrique Romero Aquino, consejero Nacional del PRD.<!--more--><\/p>\n<p style=\"text-align: justify\">Este a\u00f1o el Partido de la Revoluci\u00f3n Democr\u00e1tica (PRD) renueva sus \u00f3rganos de direcci\u00f3n lo que se est\u00e1 esperando es que el Instituto Federal Electoral (IFE) en unos d\u00edas Instituto Nacional Electoral (INE) va a validar nuestro nuevo estatuto reformado en el congreso de Huastepec, se tiene varias reformas importantes agreg\u00f3.<\/p>\n<figure id=\"attachment_31298\" aria-describedby=\"caption-attachment-31298\" style=\"width: 660px\" class=\"wp-caption aligncenter\"><a href=\"http:\/\/www.enteratever.com\/wp-content\/uploads\/2014\/02\/IMG_7407.jpg\"><img loading=\"lazy\" decoding=\"async\" class=\"size-full wp-image-31298\" alt=\"Busca PRD alianzas en ZN ante renovaci\u00f3n de dirigencias\" src=\"http:\/\/www.enteratever.com\/wp-content\/uploads\/2014\/02\/IMG_7407.jpg\" width=\"660\" height=\"440\" \/><\/a><figcaption id=\"caption-attachment-31298\" class=\"wp-caption-text\">Busca PRD alianzas en ZN ante renovaci\u00f3n de dirigencias<\/figcaption><\/figure>\n<p style=\"text-align: justify\">Recalc\u00f3 que se encuentran espera de esta validaci\u00f3n que posiblemente sea a finales de este mes, inmediatamente se convocar\u00e1 para la elaboraci\u00f3n del reglamento interno de elecciones.<\/p>\n<p style=\"text-align: justify\">A finales de febrero o a principios de marzo el PRD tenga nuevo estatuto, nuevo reglamento electoral y por lo tanto est\u00e9 en condiciones para que en el mes de mayo, de publicar su convocatoria para la renovaci\u00f3n de los \u00f3rganos,<\/p>\n<p style=\"text-align: justify\">Dicho proceso electoral tendr\u00e1 dos cosas importantes previas a la convocatoria, la primera cerrar el padr\u00f3n de afiliados, ya que el PRD est\u00e1 en una campa\u00f1a de afiliaci\u00f3n para el caso de Veracruz 50 y un mil en el periodo de Jes\u00fas Ortega Mart\u00ednez ex dirigente Nacional del PRD, 40 y un mil durante el periodo de Jes\u00fas Zambrano Grijalba y este periodo de afiliaci\u00f3n concluir\u00e1 una vez que se emita la convocatoria es decir, en el mes de mayo se cerrara con el n\u00famero de afiliados que exista en ese momento,agreg\u00f3.<\/p>\n<figure id=\"attachment_31297\" aria-describedby=\"caption-attachment-31297\" style=\"width: 660px\" class=\"wp-caption aligncenter\"><a href=\"http:\/\/www.enteratever.com\/wp-content\/uploads\/2014\/02\/IMG_7415.jpg\"><img loading=\"lazy\" decoding=\"async\" class=\"size-full wp-image-31297\" alt=\"Busca PRD alianzas en ZN ante renovaci\u00f3n de dirigencias\" src=\"http:\/\/www.enteratever.com\/wp-content\/uploads\/2014\/02\/IMG_7415.jpg\" width=\"660\" height=\"440\" \/><\/a><figcaption id=\"caption-attachment-31297\" class=\"wp-caption-text\">Busca PRD alianzas en ZN ante renovaci\u00f3n de dirigencias<\/figcaption><\/figure>\n<p style=\"text-align: justify\">Se\u00f1al\u00f3 que se calcula un cierre intenso a partir de estos d\u00edas nuestra proyecci\u00f3n es que en Veracruz se cerrar\u00e1 entre 120 y 130 mil afiliados al PRD, estos afiliados tendr\u00e1n que decidir qui\u00e9nes ser\u00e1n sus dirigentes como se har\u00e1 la elecci\u00f3n .<\/p>\n<p style=\"text-align: justify\">La Nueva izquierda \u201clos chuchos\u201d ha presentado que se har\u00e1 indirecta lo cual es falso, lo que habr\u00e1 es un debate al respecto para decidir si ser\u00e1 directa o indirecta.<\/p>\n<p style=\"text-align: justify\">El m\u00e9todo directo es que el militante que aparece en el padr\u00f3n de afiliados puede de manera directa, elegir a su presidente nacional, a su secretario nacional, y tambi\u00e9n a su presidente y secretario general estatal, mientras que el m\u00e9todo indirecto es que no se elija de manera directa el presidente y el secretario general, que solo se elija consejeros y que esos a su vez elijan a su presidente.<\/p>\n<p style=\"text-align: justify\">\u201cnosotros creemos que no puede el PRD renunciar a sus or\u00edgenes, si hasta ya los sindicatos charros y hasta el PAN ya hacen elecciones directas, no es posible que el PRD prive a sus militantes de ese m\u00e9todo.<\/p>\n<p style=\"text-align: justify\">Creemos que la uni\u00f3n de las izquierdas solo puede darse con una figura con autoridad moral al interior del PRD, finaliz\u00f3.<\/p>\n","protected":false},"excerpt":{"rendered":"<p>Visitas: 1 Por: Jazm\u00edn Morales Se trabajar\u00e1 con varios perredistas de la Zona Norte del Estado, previo a los trabajos de renovaci\u00f3n de la direcci\u00f3n Nacional y Estatal del PRD, as\u00ed lo afirm\u00f3 Enrique Romero Aquino, consejero Nacional del PRD.<\/p>\n","protected":false},"author":2,"featured_media":0,"comment_status":"open","ping_status":"open","sticky":false,"template":"","format":"standard","meta":{"footnotes":""},"categories":[213],"tags":[],"class_list":{"0":"post-169147","1":"post","2":"type-post","3":"status-publish","4":"format-standard","6":"category-poza-rica"},"nelio_content":{"isAutoShareEnabled":true,"autoShareEndMode":"never","automationSources":{"useCustomSentences":false,"customSentences":[]},"followers":[],"suggestedReferences":[],"efiUrl":"","efiAlt":"","highlights":[],"permalinkQueryArgs":[],"series":[]},"_links":{"self":[{"href":"https:\/\/www.enteratever.com\/2023\/wp-json\/wp\/v2\/posts\/169147","targetHints":{"allow":["GET"]}}],"collection":[{"href":"https:\/\/www.enteratever.com\/2023\/wp-json\/wp\/v2\/posts"}],"about":[{"href":"https:\/\/www.enteratever.com\/2023\/wp-json\/wp\/v2\/types\/post"}],"author":[{"embeddable":true,"href":"https:\/\/www.enteratever.com\/2023\/wp-json\/wp\/v2\/users\/2"}],"replies":[{"embeddable":true,"href":"https:\/\/www.enteratever.com\/2023\/wp-json\/wp\/v2\/comments?post=169147"}],"version-history":[{"count":0,"href":"https:\/\/www.enteratever.com\/2023\/wp-json\/wp\/v2\/posts\/169147\/revisions"}],"wp:attachment":[{"href":"https:\/\/www.enteratever.com\/2023\/wp-json\/wp\/v2\/media?parent=169147"}],"wp:term":[{"taxonomy":"category","embeddable":true,"href":"https:\/\/www.enteratever.com\/2023\/wp-json\/wp\/v2\/categories?post=169147"},{"taxonomy":"post_tag","embeddable":true,"href":"https:\/\/www.enteratever.com\/2023\/wp-json\/wp\/v2\/tags?post=169147"}],"curies":[{"name":"wp","href":"https:\/\/api.w.org\/{rel}","templated":true}]}}