{"id":169128,"date":"2014-02-14T00:30:39","date_gmt":"2014-02-14T00:30:39","guid":{"rendered":"https:\/\/www.enteratever.com\/2023\/concluye-curso-sobre-sistema-penal-acusatorio\/"},"modified":"2014-02-14T00:30:39","modified_gmt":"2014-02-14T00:30:39","slug":"concluye-curso-sobre-sistema-penal-acusatorio","status":"publish","type":"post","link":"https:\/\/www.enteratever.com\/2023\/2014\/02\/14\/concluye-curso-sobre-sistema-penal-acusatorio\/","title":{"rendered":"Concluye curso sobre Sistema Penal Acusatorio"},"content":{"rendered":"<p>Visitas: 1<\/p><figure id=\"attachment_31003\" aria-describedby=\"caption-attachment-31003\" style=\"width: 660px\" class=\"wp-caption aligncenter\"><a href=\"http:\/\/www.enteratever.com\/wp-content\/uploads\/2014\/02\/IMG_7350.jpg\"><img loading=\"lazy\" decoding=\"async\" class=\"size-full wp-image-31003\" alt=\"Concluye curso sobre Sistema Penal Acusatorio\" src=\"http:\/\/www.enteratever.com\/wp-content\/uploads\/2014\/02\/IMG_7350.jpg\" width=\"660\" height=\"440\" \/><\/a><figcaption id=\"caption-attachment-31003\" class=\"wp-caption-text\">Concluye curso sobre Sistema Penal Acusatorio<\/figcaption><\/figure>\n<p style=\"text-align: justify\">Concluy\u00f3 este jueves el curso sobre el sistema penal acusatorio en el que participaron agentes del ministerio p\u00fablico, polic\u00edas, secretarios y peritos de la Procuradur\u00eda General de Justicia del estado. En el auditorio municipal Rafael Hern\u00e1ndez Ochoa, el presidente municipal, Sergio Lorenzo Quiroz Cruz, dio por concluida la capacitaci\u00f3n esperando que lo aprendido se refleje en la impartici\u00f3n de justicia en beneficio de la gente.<!--more--><\/p>\n<p style=\"text-align: justify\">La \u00faltima sesi\u00f3n incluy\u00f3 un ejemplo de juicio oral con acusado, juez, fiscal y abogado defensor que fue el resultado de los que aprendieron los empleados de la PGJE en el curso y un adelanto de lo que ser\u00e1 el nuevo sistema penal acusatorio.<\/p>\n<p style=\"text-align: justify\">El curso inici\u00f3 en octubre y concluy\u00f3 este jueves. A la clausura acudieron barras y asociaciones de abogados de Poza Rica y Tuxpan, as\u00ed como los subprocuradores Nora Hilda Liahut Franco y Tom\u00e1s Cristobal Cruz.<\/p>\n<p style=\"text-align: justify\">Al final se signaron las estrategias de litigaci\u00f3n\u00a0en el juicio oral y aplicaci\u00f3n en el proceso penal acusatorio.<\/p>\n\n","protected":false},"excerpt":{"rendered":"<p>Visitas: 1Concluy\u00f3 este jueves el curso sobre el sistema penal acusatorio en el que participaron agentes del ministerio p\u00fablico, polic\u00edas, secretarios y peritos de la Procuradur\u00eda General de Justicia del estado. En el auditorio municipal Rafael Hern\u00e1ndez Ochoa, el presidente municipal, Sergio Lorenzo Quiroz Cruz, dio por concluida la capacitaci\u00f3n esperando que lo aprendido se [&hellip;]<\/p>\n","protected":false},"author":2,"featured_media":0,"comment_status":"open","ping_status":"open","sticky":false,"template":"","format":"standard","meta":{"footnotes":""},"categories":[213],"tags":[],"class_list":{"0":"post-169128","1":"post","2":"type-post","3":"status-publish","4":"format-standard","6":"category-poza-rica"},"nelio_content":{"isAutoShareEnabled":true,"autoShareEndMode":"never","automationSources":{"useCustomSentences":false,"customSentences":[]},"followers":[],"suggestedReferences":[],"efiUrl":"","efiAlt":"","highlights":[],"permalinkQueryArgs":[],"series":[]},"_links":{"self":[{"href":"https:\/\/www.enteratever.com\/2023\/wp-json\/wp\/v2\/posts\/169128","targetHints":{"allow":["GET"]}}],"collection":[{"href":"https:\/\/www.enteratever.com\/2023\/wp-json\/wp\/v2\/posts"}],"about":[{"href":"https:\/\/www.enteratever.com\/2023\/wp-json\/wp\/v2\/types\/post"}],"author":[{"embeddable":true,"href":"https:\/\/www.enteratever.com\/2023\/wp-json\/wp\/v2\/users\/2"}],"replies":[{"embeddable":true,"href":"https:\/\/www.enteratever.com\/2023\/wp-json\/wp\/v2\/comments?post=169128"}],"version-history":[{"count":0,"href":"https:\/\/www.enteratever.com\/2023\/wp-json\/wp\/v2\/posts\/169128\/revisions"}],"wp:attachment":[{"href":"https:\/\/www.enteratever.com\/2023\/wp-json\/wp\/v2\/media?parent=169128"}],"wp:term":[{"taxonomy":"category","embeddable":true,"href":"https:\/\/www.enteratever.com\/2023\/wp-json\/wp\/v2\/categories?post=169128"},{"taxonomy":"post_tag","embeddable":true,"href":"https:\/\/www.enteratever.com\/2023\/wp-json\/wp\/v2\/tags?post=169128"}],"curies":[{"name":"wp","href":"https:\/\/api.w.org\/{rel}","templated":true}]}}