{"id":169127,"date":"2014-02-13T22:24:14","date_gmt":"2014-02-13T22:24:14","guid":{"rendered":"https:\/\/www.enteratever.com\/2023\/realizaran-foro-sobre-educacion-ambiental-y-sustentabilidad\/"},"modified":"2014-02-13T22:24:14","modified_gmt":"2014-02-13T22:24:14","slug":"realizaran-foro-sobre-educacion-ambiental-y-sustentabilidad","status":"publish","type":"post","link":"https:\/\/www.enteratever.com\/2023\/2014\/02\/13\/realizaran-foro-sobre-educacion-ambiental-y-sustentabilidad\/","title":{"rendered":"Convocan a foro sobre educaci\u00f3n ambiental y sustentabilidad"},"content":{"rendered":"<p>Visitas: 1<\/p><p><img loading=\"lazy\" decoding=\"async\" class=\"aligncenter\" alt=\"\" src=\"http:\/\/www.enteratever.com\/wp-content\/uploads\/2014\/01\/usbi.jpg\" width=\"670\" height=\"400\" \/><\/p>\n<p style=\"text-align: justify\">La Red Universitaria para la Sustentabilidad en el campus Poza Rica \u2013 Tuxpan convoca a un foro denominado Educaci\u00f3n Ambiental para la Sustentabilidad, a realizarse el 14 de marzo.<!--more--><\/p>\n<p style=\"text-align: justify\">El objetivo de este foro es generar un espacio de dialogo, reflexi\u00f3n e intercambio de experiencias e investigaciones sobre la sustentabilidad entre organismos de la sociedad.<\/p>\n<p style=\"text-align: justify\">La idea es tambi\u00e9n exponer y discutir proyectos, iniciativas y pol\u00edticas que perfilen hacia los cambios profundos de mentalidad, de conceptos y valores que lleven a la construcci\u00f3n de procesos hacia la sustentabilidad con una participaci\u00f3n social informada y responsable.<\/p>\n<p style=\"text-align: justify\">El Dr. Jos\u00e9 Luis Alan\u00eds M\u00e9ndez, Vicerrector de la Regi\u00f3n Poza Rica Tuxpan coment\u00f3 que las \u00e1reas tem\u00e1ticas son: Conservaci\u00f3n y manejo de ecosistemas, Producci\u00f3n, innovaci\u00f3n, tecnolog\u00eda y consumo sustentable, Procesos y pol\u00edticas de desarrollo sustentable local y regional en ambientes rurales y urbanos, vulnerabilidad, riesgo y calidad de vida.<\/p>\n<p style=\"text-align: justify\">Comunicaci\u00f3n educativa y ambiental, redes sociales y estudios de medios, EAS (cine, arte, literatura, teatro, pintura, etc), Desarrollo de actitudes y comportamientos sustentables, G\u00e9nero y sustentabilidad.<\/p>\n<p style=\"text-align: justify\">Formaci\u00f3n y profesionalizaci\u00f3n de los educadores ambientales, Experiencia de EAS al interior del Sistema Educativo Nacional: niveles b\u00e1sico, medio superior y superior.<\/p>\n<p style=\"text-align: justify\">Destac\u00f3 que las conferencias magistrales estar\u00e1n a cargo de Luz Maria Nieto Caraveo secretaria acad\u00e9mica de la Universidad Aut\u00f3noma de San Lu\u00eds Potos\u00ed, Edgar Gonz\u00e1lez Gaudiano investigador del Instituto de Investigaciones en Educaci\u00f3n de la UV.<\/p>\n","protected":false},"excerpt":{"rendered":"<p>Visitas: 1 La Red Universitaria para la Sustentabilidad en el campus Poza Rica \u2013 Tuxpan convoca a un foro denominado Educaci\u00f3n Ambiental para la Sustentabilidad, a realizarse el 14 de marzo.<\/p>\n","protected":false},"author":2,"featured_media":0,"comment_status":"open","ping_status":"open","sticky":false,"template":"","format":"standard","meta":{"footnotes":""},"categories":[213],"tags":[],"class_list":{"0":"post-169127","1":"post","2":"type-post","3":"status-publish","4":"format-standard","6":"category-poza-rica"},"nelio_content":{"isAutoShareEnabled":true,"autoShareEndMode":"never","automationSources":{"useCustomSentences":false,"customSentences":[]},"followers":[],"suggestedReferences":[],"efiUrl":"","efiAlt":"","highlights":[],"permalinkQueryArgs":[],"series":[]},"_links":{"self":[{"href":"https:\/\/www.enteratever.com\/2023\/wp-json\/wp\/v2\/posts\/169127","targetHints":{"allow":["GET"]}}],"collection":[{"href":"https:\/\/www.enteratever.com\/2023\/wp-json\/wp\/v2\/posts"}],"about":[{"href":"https:\/\/www.enteratever.com\/2023\/wp-json\/wp\/v2\/types\/post"}],"author":[{"embeddable":true,"href":"https:\/\/www.enteratever.com\/2023\/wp-json\/wp\/v2\/users\/2"}],"replies":[{"embeddable":true,"href":"https:\/\/www.enteratever.com\/2023\/wp-json\/wp\/v2\/comments?post=169127"}],"version-history":[{"count":0,"href":"https:\/\/www.enteratever.com\/2023\/wp-json\/wp\/v2\/posts\/169127\/revisions"}],"wp:attachment":[{"href":"https:\/\/www.enteratever.com\/2023\/wp-json\/wp\/v2\/media?parent=169127"}],"wp:term":[{"taxonomy":"category","embeddable":true,"href":"https:\/\/www.enteratever.com\/2023\/wp-json\/wp\/v2\/categories?post=169127"},{"taxonomy":"post_tag","embeddable":true,"href":"https:\/\/www.enteratever.com\/2023\/wp-json\/wp\/v2\/tags?post=169127"}],"curies":[{"name":"wp","href":"https:\/\/api.w.org\/{rel}","templated":true}]}}