{"id":168710,"date":"2014-01-07T17:00:46","date_gmt":"2014-01-07T17:00:46","guid":{"rendered":"https:\/\/www.enteratever.com\/2023\/buscan-reciclar-mas-de-dos-mil-pinos-de-navidad-en-poza-rica-2\/"},"modified":"2014-01-07T17:00:46","modified_gmt":"2014-01-07T17:00:46","slug":"buscan-reciclar-mas-de-dos-mil-pinos-de-navidad-en-poza-rica-2","status":"publish","type":"post","link":"https:\/\/www.enteratever.com\/2023\/2014\/01\/07\/buscan-reciclar-mas-de-dos-mil-pinos-de-navidad-en-poza-rica-2\/","title":{"rendered":"Buscan reciclar m\u00e1s de dos mil pinos de Navidad en Poza Rica"},"content":{"rendered":"<p>Visitas: 0<\/p><p style=\"text-align: justify\"><a href=\"http:\/\/www.enteratever.com\/wp-content\/uploads\/2014\/01\/PozaRik24.jpg\"><img loading=\"lazy\" decoding=\"async\" class=\"aligncenter size-full wp-image-18234\" alt=\"PozaRik24\" src=\"http:\/\/www.enteratever.com\/wp-content\/uploads\/2014\/01\/PozaRik24.jpg\" width=\"670\" height=\"379\" \/><\/a><\/p>\n<p style=\"text-align: justify\">M\u00e1s de dos mil arboles navide\u00f1os esperan recolectar en Poza Rica durante la campa\u00f1a \u00abRecicla Tu Navidad\u00bb que se realizar\u00e1 a partir de este d\u00eda 7 de enero y hasta el 14 de febrero, mismos que ser\u00e1n procesados para convertirlos en composta, anunci\u00f3 la regidora comisionada en ecolog\u00eda y medio ambiente, Silvia Adriana Ortega Galindo.<!--more--><\/p>\n<p style=\"text-align: justify\">Subray\u00f3 que el programa se realiza bajos los lineamientos que la Secretaria Estatal de Medio Ambiente ha se\u00f1alado y se colocar\u00e1n los centros de acopio en parques de diferentes colonias y en espacios p\u00fablicos del municipio.<\/p>\n<p style=\"text-align: justify\">Ser\u00e1n doce m\u00f3dulos que contar\u00e1n con los colectores para que los ciudadanos interesados puedan depositar sus pinos de Navidad y con esto evitar la contaminaci\u00f3n que se provoca cuando son arrojados a la v\u00eda p\u00fablica.<\/p>\n<p style=\"text-align: justify\">Recalc\u00f3 que se solicitar\u00e1 a la comisi\u00f3n de seguridad municipal la aplicaci\u00f3n de un programa de vigilancia especial de los centros de acopio para evitar que se cometan actos de vandalismo como la quema de los contenedores que en a\u00f1os anteriores se ha registrado.<\/p>\n<p style=\"text-align: justify\"><a href=\"http:\/\/www.enteratever.com\/wp-content\/uploads\/2014\/01\/PozaRik24_1.jpg\"><img loading=\"lazy\" decoding=\"async\" class=\"aligncenter size-full wp-image-18235\" alt=\"PozaRik24_1\" src=\"http:\/\/www.enteratever.com\/wp-content\/uploads\/2014\/01\/PozaRik24_1.jpg\" width=\"670\" height=\"429\" \/><\/a><\/p>\n<p style=\"text-align: justify\">\u00abNo lo abandones, nosotros lo reciclaremos\u00bb es el eslogan de la campa\u00f1a y que de acuerdo a la funcionaria municipal busca procesar cada uno de los \u00e1rboles para convertirlos en composta que se colocar\u00e1 en \u00e1reas verdes de parques y espacios p\u00fablicos.<\/p>\n<p style=\"text-align: justify\">Recalc\u00f3 que a futuro se contempla que con este tipo de campa\u00f1as se pueda reunir composta que sea vendida por kilos y se puedan obtener recursos que se vean reflejados en el ahorro de este programa.<\/p>\n","protected":false},"excerpt":{"rendered":"<p>Visitas: 0 M\u00e1s de dos mil arboles navide\u00f1os esperan recolectar en Poza Rica durante la campa\u00f1a \u00abRecicla Tu Navidad\u00bb que se realizar\u00e1 a partir de este d\u00eda 7 de enero y hasta el 14 de febrero, mismos que ser\u00e1n procesados para convertirlos en composta, anunci\u00f3 la regidora comisionada en ecolog\u00eda y medio ambiente, Silvia Adriana [&hellip;]<\/p>\n","protected":false},"author":1,"featured_media":0,"comment_status":"open","ping_status":"open","sticky":false,"template":"","format":"standard","meta":{"footnotes":""},"categories":[213],"tags":[],"class_list":{"0":"post-168710","1":"post","2":"type-post","3":"status-publish","4":"format-standard","6":"category-poza-rica"},"nelio_content":{"isAutoShareEnabled":true,"autoShareEndMode":"never","automationSources":{"useCustomSentences":false,"customSentences":[]},"followers":[],"suggestedReferences":[],"efiUrl":"","efiAlt":"","highlights":[],"permalinkQueryArgs":[],"series":[]},"_links":{"self":[{"href":"https:\/\/www.enteratever.com\/2023\/wp-json\/wp\/v2\/posts\/168710","targetHints":{"allow":["GET"]}}],"collection":[{"href":"https:\/\/www.enteratever.com\/2023\/wp-json\/wp\/v2\/posts"}],"about":[{"href":"https:\/\/www.enteratever.com\/2023\/wp-json\/wp\/v2\/types\/post"}],"author":[{"embeddable":true,"href":"https:\/\/www.enteratever.com\/2023\/wp-json\/wp\/v2\/users\/1"}],"replies":[{"embeddable":true,"href":"https:\/\/www.enteratever.com\/2023\/wp-json\/wp\/v2\/comments?post=168710"}],"version-history":[{"count":0,"href":"https:\/\/www.enteratever.com\/2023\/wp-json\/wp\/v2\/posts\/168710\/revisions"}],"wp:attachment":[{"href":"https:\/\/www.enteratever.com\/2023\/wp-json\/wp\/v2\/media?parent=168710"}],"wp:term":[{"taxonomy":"category","embeddable":true,"href":"https:\/\/www.enteratever.com\/2023\/wp-json\/wp\/v2\/categories?post=168710"},{"taxonomy":"post_tag","embeddable":true,"href":"https:\/\/www.enteratever.com\/2023\/wp-json\/wp\/v2\/tags?post=168710"}],"curies":[{"name":"wp","href":"https:\/\/api.w.org\/{rel}","templated":true}]}}