{"id":168703,"date":"2014-01-06T20:47:18","date_gmt":"2014-01-06T20:47:18","guid":{"rendered":"https:\/\/www.enteratever.com\/2023\/celebran-dia-de-reyes-magos-con-pacientes-del-crit-veracruz\/"},"modified":"2014-01-06T20:47:18","modified_gmt":"2014-01-06T20:47:18","slug":"celebran-dia-de-reyes-magos-con-pacientes-del-crit-veracruz","status":"publish","type":"post","link":"https:\/\/www.enteratever.com\/2023\/2014\/01\/06\/celebran-dia-de-reyes-magos-con-pacientes-del-crit-veracruz\/","title":{"rendered":"Celebran \u00abD\u00eda de Reyes Magos\u00bb con pacientes del CRIT Veracruz"},"content":{"rendered":"<p>Visitas: 0<\/p><p style=\"text-align: justify\"><a href=\"http:\/\/www.enteratever.com\/wp-content\/uploads\/2014\/01\/PozaRik17.jpg\"><img loading=\"lazy\" decoding=\"async\" class=\"aligncenter size-full wp-image-18079\" alt=\"PozaRik17\" src=\"http:\/\/www.enteratever.com\/wp-content\/uploads\/2014\/01\/PozaRik17.jpg\" width=\"670\" height=\"377\" \/><\/a><\/p>\n<p style=\"text-align: justify\">Durante este \u00abD\u00eda de Reyes Magos\u00bb es importante devolver la ilusi\u00f3n de esperanza a ni\u00f1os y ni\u00f1as de la sociedad ante los tiempos dif\u00edciles que actualmente se viven, manifest\u00f3 el P\u00e1rroco Manuel Rangel de la Iglesia \u00abSan Judas Tadeo\u00bb, en la colonia Gaviotas, que con un grupo de cat\u00f3licos encabez\u00f3 el evento para festejar este d\u00eda con pacientes del Centro de Rehabilitaci\u00f3n Infantil Teleton (CRIT) Veracruz.<!--more--><br \/>\nPor tercer a\u00f1o consecutivo el grupo de cat\u00f3licos de dicha parroquia en Poza Rica organizaron y llevaron a cabo \u00a0la celebraci\u00f3n del \u00abD\u00eda de Reyes Magos\u00bb para los pacientes y sus familiares del CRIT en esta ciudad.<\/p>\n<p>Se realiz\u00f3 una misa, partieron rosca y los \u00abTres Reyes Magos\u00bb distribuyeron juguetes a los menores que esperaban en la antesala antes de entrar a sus terapias de rehabilitaci\u00f3n en las distintas \u00e1reas de la instituci\u00f3n.<\/p>\n<p style=\"text-align: justify\"><a href=\"http:\/\/www.enteratever.com\/wp-content\/uploads\/2014\/01\/PozaRik17_1.jpg\"><img loading=\"lazy\" decoding=\"async\" class=\"aligncenter size-full wp-image-18080\" alt=\"PozaRik17_1\" src=\"http:\/\/www.enteratever.com\/wp-content\/uploads\/2014\/01\/PozaRik17_1.jpg\" width=\"670\" height=\"383\" \/><\/a><\/p>\n<p>El P\u00e1rroco destac\u00f3 que creer en los Reyes Magos es creer en Dios, en la luz y paz que la sociedad necesita y explic\u00f3 que se eligi\u00f3 el CRIT como lugar para el evento debido a que un menor con alguna discapacidad y sus familias enfrentan un dif\u00edcil camino.<\/p>\n<p>\u00abHa sido un proceso en cada uno de ellos distinto pero doloroso, en ocasiones con el rechazo de la sociedad, por eso con este evento tratamos de inculcar amor y respeto, porque tambi\u00e9n tienen derecho a ser felices\u00bb, subray\u00f3.<\/p>\n<p style=\"text-align: justify\"><a href=\"http:\/\/www.enteratever.com\/wp-content\/uploads\/2014\/01\/PozaRik17_2.jpg\"><img loading=\"lazy\" decoding=\"async\" class=\"aligncenter size-full wp-image-18081\" alt=\"PozaRik17_2\" src=\"http:\/\/www.enteratever.com\/wp-content\/uploads\/2014\/01\/PozaRik17_2.jpg\" width=\"670\" height=\"413\" \/><\/a><br \/>\nExplic\u00f3 que los tres Reyes Magos (Melchor, Gaspar y Baltazar) representan a todos los ciudadanos que deben adorar a Jes\u00fas como Dios y Hombre. \u00abEs cada uno de los pueblos de la tierra, se ofrece Oro, incienso y mirra porque es reconocerlo como hombre, Dios y rey\u00bb, enfatiz\u00f3.<\/p>\n","protected":false},"excerpt":{"rendered":"<p>Visitas: 0 Durante este \u00abD\u00eda de Reyes Magos\u00bb es importante devolver la ilusi\u00f3n de esperanza a ni\u00f1os y ni\u00f1as de la sociedad ante los tiempos dif\u00edciles que actualmente se viven, manifest\u00f3 el P\u00e1rroco Manuel Rangel de la Iglesia \u00abSan Judas Tadeo\u00bb, en la colonia Gaviotas, que con un grupo de cat\u00f3licos encabez\u00f3 el evento para [&hellip;]<\/p>\n","protected":false},"author":1,"featured_media":0,"comment_status":"open","ping_status":"open","sticky":false,"template":"","format":"standard","meta":{"footnotes":""},"categories":[213],"tags":[],"class_list":{"0":"post-168703","1":"post","2":"type-post","3":"status-publish","4":"format-standard","6":"category-poza-rica"},"nelio_content":{"isAutoShareEnabled":true,"autoShareEndMode":"never","automationSources":{"useCustomSentences":false,"customSentences":[]},"followers":[],"suggestedReferences":[],"efiUrl":"","efiAlt":"","highlights":[],"permalinkQueryArgs":[],"series":[]},"_links":{"self":[{"href":"https:\/\/www.enteratever.com\/2023\/wp-json\/wp\/v2\/posts\/168703","targetHints":{"allow":["GET"]}}],"collection":[{"href":"https:\/\/www.enteratever.com\/2023\/wp-json\/wp\/v2\/posts"}],"about":[{"href":"https:\/\/www.enteratever.com\/2023\/wp-json\/wp\/v2\/types\/post"}],"author":[{"embeddable":true,"href":"https:\/\/www.enteratever.com\/2023\/wp-json\/wp\/v2\/users\/1"}],"replies":[{"embeddable":true,"href":"https:\/\/www.enteratever.com\/2023\/wp-json\/wp\/v2\/comments?post=168703"}],"version-history":[{"count":0,"href":"https:\/\/www.enteratever.com\/2023\/wp-json\/wp\/v2\/posts\/168703\/revisions"}],"wp:attachment":[{"href":"https:\/\/www.enteratever.com\/2023\/wp-json\/wp\/v2\/media?parent=168703"}],"wp:term":[{"taxonomy":"category","embeddable":true,"href":"https:\/\/www.enteratever.com\/2023\/wp-json\/wp\/v2\/categories?post=168703"},{"taxonomy":"post_tag","embeddable":true,"href":"https:\/\/www.enteratever.com\/2023\/wp-json\/wp\/v2\/tags?post=168703"}],"curies":[{"name":"wp","href":"https:\/\/api.w.org\/{rel}","templated":true}]}}