{"id":168701,"date":"2014-01-06T00:19:49","date_gmt":"2014-01-06T00:19:49","guid":{"rendered":"https:\/\/www.enteratever.com\/2023\/en-marcha-proceso-para-renovar-autoridades-auxiliares-en-municipios-2\/"},"modified":"2014-01-06T00:19:49","modified_gmt":"2014-01-06T00:19:49","slug":"en-marcha-proceso-para-renovar-autoridades-auxiliares-en-municipios-2","status":"publish","type":"post","link":"https:\/\/www.enteratever.com\/2023\/2014\/01\/06\/en-marcha-proceso-para-renovar-autoridades-auxiliares-en-municipios-2\/","title":{"rendered":"En marcha proceso para renovar autoridades auxiliares en municipios"},"content":{"rendered":"<p>Visitas: 0<\/p><p style=\"text-align: justify\"><a href=\"http:\/\/www.enteratever.com\/wp-content\/uploads\/2014\/01\/PozaRik16.jpg\"><img loading=\"lazy\" decoding=\"async\" class=\"aligncenter size-full wp-image-17834\" alt=\"PozaRik16\" src=\"http:\/\/www.enteratever.com\/wp-content\/uploads\/2014\/01\/PozaRik16.jpg\" width=\"670\" height=\"471\" \/><\/a><\/p>\n<p style=\"text-align: justify\">Capacitan a agentes y sub-agentes del Poza Rica, Coatzintla y Papantla, en el auditorio Margarita Guerrero de Gibb, el d\u00eda 8 de Enero a partir de las 5:00 p.m. a 7:00p.m. declar\u00f3 Rene Francisco V\u00e1zquez, presidente de la Asociaci\u00f3n de Abogados Pozarricenses. <!--more--><\/p>\n<p>Dicha capacitaci\u00f3n sera impartida por el magistrado Gregorio Valerio G\u00f3mez ,quien es parte integrante del tribunal electoral del estado de Veracruz, que preside el magistrado Daniel Ruiz Morales.<\/p>\n<p>De esta manera ser\u00e1n capacitados para la pr\u00f3xima elecci\u00f3n de agentes y sub-agentes municipales, este a\u00f1o la cede es Poza Rica, est\u00e1 invitado el distrito de Papantla, Coatzintla y tambi\u00e9n de otros lugares puedan trasladarse, ya que es cercanos a otros municipios.<\/p>\n<p>Se les dar\u00e1 una constancia y diploma, que los validara, dicho curso es totalmente gratuito, puede asistir cualquier persona interesada en conocer la cuesti\u00f3n electoral, con la finalidad de democratizar las elecciones de los municipios y conozcan los alcances del c\u00f3digo electoral.<\/p>\n","protected":false},"excerpt":{"rendered":"<p>Visitas: 0 Capacitan a agentes y sub-agentes del Poza Rica, Coatzintla y Papantla, en el auditorio Margarita Guerrero de Gibb, el d\u00eda 8 de Enero a partir de las 5:00 p.m. a 7:00p.m. declar\u00f3 Rene Francisco V\u00e1zquez, presidente de la Asociaci\u00f3n de Abogados Pozarricenses.<\/p>\n","protected":false},"author":1,"featured_media":0,"comment_status":"open","ping_status":"open","sticky":false,"template":"","format":"standard","meta":{"footnotes":""},"categories":[213],"tags":[],"class_list":{"0":"post-168701","1":"post","2":"type-post","3":"status-publish","4":"format-standard","6":"category-poza-rica"},"nelio_content":{"isAutoShareEnabled":true,"autoShareEndMode":"never","automationSources":{"useCustomSentences":false,"customSentences":[]},"followers":[],"suggestedReferences":[],"efiUrl":"","efiAlt":"","highlights":[],"permalinkQueryArgs":[],"series":[]},"_links":{"self":[{"href":"https:\/\/www.enteratever.com\/2023\/wp-json\/wp\/v2\/posts\/168701","targetHints":{"allow":["GET"]}}],"collection":[{"href":"https:\/\/www.enteratever.com\/2023\/wp-json\/wp\/v2\/posts"}],"about":[{"href":"https:\/\/www.enteratever.com\/2023\/wp-json\/wp\/v2\/types\/post"}],"author":[{"embeddable":true,"href":"https:\/\/www.enteratever.com\/2023\/wp-json\/wp\/v2\/users\/1"}],"replies":[{"embeddable":true,"href":"https:\/\/www.enteratever.com\/2023\/wp-json\/wp\/v2\/comments?post=168701"}],"version-history":[{"count":0,"href":"https:\/\/www.enteratever.com\/2023\/wp-json\/wp\/v2\/posts\/168701\/revisions"}],"wp:attachment":[{"href":"https:\/\/www.enteratever.com\/2023\/wp-json\/wp\/v2\/media?parent=168701"}],"wp:term":[{"taxonomy":"category","embeddable":true,"href":"https:\/\/www.enteratever.com\/2023\/wp-json\/wp\/v2\/categories?post=168701"},{"taxonomy":"post_tag","embeddable":true,"href":"https:\/\/www.enteratever.com\/2023\/wp-json\/wp\/v2\/tags?post=168701"}],"curies":[{"name":"wp","href":"https:\/\/api.w.org\/{rel}","templated":true}]}}