{"id":168685,"date":"2014-01-03T23:00:12","date_gmt":"2014-01-03T23:00:12","guid":{"rendered":"https:\/\/www.enteratever.com\/2023\/atiende-capor-hasta-80-mil-pasajeros\/"},"modified":"2014-01-03T23:00:12","modified_gmt":"2014-01-03T23:00:12","slug":"atiende-capor-hasta-80-mil-pasajeros","status":"publish","type":"post","link":"https:\/\/www.enteratever.com\/2023\/2014\/01\/03\/atiende-capor-hasta-80-mil-pasajeros\/","title":{"rendered":"Atiende Capor hasta 80 mil pasajeros"},"content":{"rendered":"<p>Visitas: 0<\/p><p style=\"text-align: justify\"><a href=\"http:\/\/www.enteratever.com\/wp-content\/uploads\/2014\/01\/PozaRik5.jpg\"><img loading=\"lazy\" decoding=\"async\" class=\"aligncenter size-full wp-image-17448\" alt=\"PozaRik5\" src=\"http:\/\/www.enteratever.com\/wp-content\/uploads\/2014\/01\/PozaRik5.jpg\" width=\"670\" height=\"378\" \/><\/a><\/p>\n<p style=\"text-align: justify\">Durante este periodo de vacaciones de fin de a\u00f1o m\u00e1s de 80 mil personas han viajado en l\u00edneas de la Central de Autobuses Poza Rica (CAPOR) las cuales desde el pasado 1 de enero comienzan a regresar a sus lugares de origen pese al incremento del diez por ciento en el transporte Federal hay una gran demanda, inform\u00f3 el gerente Jos\u00e9 Dami\u00e1n Florencio.<!--more--><\/p>\n<p>Coment\u00f3 que desde el pasado 20 de diciembre que comenz\u00f3 el periodo de vacaciones escolares se tiene un registro de m\u00e1s de ochenta mil personas que han arribado a la terminal en donde desde el pasado 1 de enero y hasta el pr\u00f3ximo d\u00eda 6 se estima que habr\u00e1 una afluencia de 35 mil viajantes.<\/p>\n<p>Destac\u00f3 que tanto las empresas nacionales se han visto beneficiadas al igual que otras empresas regionales que prestan servicios a municipios veracruzanos.<\/p>\n<p style=\"text-align: justify\"><a href=\"http:\/\/www.enteratever.com\/wp-content\/uploads\/2014\/01\/PozaRik5_1.jpg\"><img loading=\"lazy\" decoding=\"async\" class=\"aligncenter size-full wp-image-17449\" alt=\"PozaRik5_1\" src=\"http:\/\/www.enteratever.com\/wp-content\/uploads\/2014\/01\/PozaRik5_1.jpg\" width=\"670\" height=\"417\" \/><\/a><\/p>\n<p>Mencion\u00f3 que el periodo vacacional de diciembre es en el que se presenta mayor afluencia de pasajeros, los cuales, se\u00f1ala, se muestran sorprendidos con el incremento de un diez por ciento en las tarifas que las l\u00edneas han realizado.<\/p>\n<p>Manifest\u00f3 que para los d\u00edas domingo y lunes es cuando esperan un mayor repunte en la afluencia de pasajeros, por lo que se tiene contemplado realizar corridas extras, sobre todo a la Ciudad de M\u00e9xico, aunque exhorta a los usuarios a realzar la compra de sus boletos con anticipaci\u00f3n.<\/p>\n<p>Indic\u00f3 que conforme lo marca la ley, respetando el calendario escolar, los descuentos por la compra de boletos a estudiantes, personas de la tercera edad y maestros se realizar\u00e1n solamente hasta el d\u00eda lunes.<\/p>\n<p style=\"text-align: justify\"><a href=\"http:\/\/www.enteratever.com\/wp-content\/uploads\/2014\/01\/PozaRik5_2.jpg\"><img loading=\"lazy\" decoding=\"async\" class=\"aligncenter size-full wp-image-17450\" alt=\"PozaRik5_2\" src=\"http:\/\/www.enteratever.com\/wp-content\/uploads\/2014\/01\/PozaRik5_2.jpg\" width=\"670\" height=\"402\" \/><\/a><\/p>\n<p>En la terminal se observa una gran afluencia de pasajeros, hay filas para obtener boletos hacia destinos como la Ciudad de M\u00e9xico,<br \/>\nNuevo Le\u00f3n, Guadalajara, Durango, Chihuahua y regiones fronterizas.<\/p>\n","protected":false},"excerpt":{"rendered":"<p>Visitas: 0 Durante este periodo de vacaciones de fin de a\u00f1o m\u00e1s de 80 mil personas han viajado en l\u00edneas de la Central de Autobuses Poza Rica (CAPOR) las cuales desde el pasado 1 de enero comienzan a regresar a sus lugares de origen pese al incremento del diez por ciento en el transporte Federal [&hellip;]<\/p>\n","protected":false},"author":1,"featured_media":0,"comment_status":"open","ping_status":"open","sticky":false,"template":"","format":"standard","meta":{"footnotes":""},"categories":[213],"tags":[],"class_list":{"0":"post-168685","1":"post","2":"type-post","3":"status-publish","4":"format-standard","6":"category-poza-rica"},"nelio_content":{"isAutoShareEnabled":true,"autoShareEndMode":"never","automationSources":{"useCustomSentences":false,"customSentences":[]},"followers":[],"suggestedReferences":[],"efiUrl":"","efiAlt":"","highlights":[],"permalinkQueryArgs":[],"series":[]},"_links":{"self":[{"href":"https:\/\/www.enteratever.com\/2023\/wp-json\/wp\/v2\/posts\/168685","targetHints":{"allow":["GET"]}}],"collection":[{"href":"https:\/\/www.enteratever.com\/2023\/wp-json\/wp\/v2\/posts"}],"about":[{"href":"https:\/\/www.enteratever.com\/2023\/wp-json\/wp\/v2\/types\/post"}],"author":[{"embeddable":true,"href":"https:\/\/www.enteratever.com\/2023\/wp-json\/wp\/v2\/users\/1"}],"replies":[{"embeddable":true,"href":"https:\/\/www.enteratever.com\/2023\/wp-json\/wp\/v2\/comments?post=168685"}],"version-history":[{"count":0,"href":"https:\/\/www.enteratever.com\/2023\/wp-json\/wp\/v2\/posts\/168685\/revisions"}],"wp:attachment":[{"href":"https:\/\/www.enteratever.com\/2023\/wp-json\/wp\/v2\/media?parent=168685"}],"wp:term":[{"taxonomy":"category","embeddable":true,"href":"https:\/\/www.enteratever.com\/2023\/wp-json\/wp\/v2\/categories?post=168685"},{"taxonomy":"post_tag","embeddable":true,"href":"https:\/\/www.enteratever.com\/2023\/wp-json\/wp\/v2\/tags?post=168685"}],"curies":[{"name":"wp","href":"https:\/\/api.w.org\/{rel}","templated":true}]}}