{"id":168682,"date":"2014-01-03T22:01:01","date_gmt":"2014-01-03T22:01:01","guid":{"rendered":"https:\/\/www.enteratever.com\/2023\/amplian-al-sabado-pago-de-impuesto-predial-2\/"},"modified":"2014-01-03T22:01:01","modified_gmt":"2014-01-03T22:01:01","slug":"amplian-al-sabado-pago-de-impuesto-predial-2","status":"publish","type":"post","link":"https:\/\/www.enteratever.com\/2023\/2014\/01\/03\/amplian-al-sabado-pago-de-impuesto-predial-2\/","title":{"rendered":"Ampl\u00edan al s\u00e1bado pago de impuesto predial"},"content":{"rendered":"<p>Visitas: 0<\/p><p><a href=\"http:\/\/www.enteratever.com\/wp-content\/uploads\/2014\/01\/PozaRik2.jpg\"><img loading=\"lazy\" decoding=\"async\" class=\"size-full wp-image-17426 aligncenter\" alt=\"PozaRik2\" src=\"http:\/\/www.enteratever.com\/wp-content\/uploads\/2014\/01\/PozaRik2.jpg\" width=\"670\" height=\"365\" \/><\/a><\/p>\n<p style=\"text-align: justify\">Ampl\u00edan a los s\u00e1bados el pago de impuesto predial tal y como lo anunci\u00f3 el presidente municipal, Sergio Lorenzo Quiroz Cruz, quien acudi\u00f3 a visitar a los empleados municipales del edificio administrativo y salud\u00f3 a los ciudadanos que estaban haciendo fila en para cubrir su carga impositiva.<!--more--><\/p>\n<p style=\"text-align: justify\">El mun\u00edcipe reconoci\u00f3 el compromiso de los adultos mayores quienes al afirmar que \u00abSiempre se reconoce la participaci\u00f3n de los jubilados y pensionados que son el primer grupo que cumple con el pago de dicho impuesto\u00bb, se\u00f1al\u00f3.<\/p>\n<p style=\"text-align: justify\">Quiroz se encontr\u00f3 con el se\u00f1or Jos\u00e9 Luis G\u00f3mez Torres, un adulto mayor que fue de los primeros en acudir a cubrir su pago de predial durante la segunda jornada de cobro.<\/p>\n<p style=\"text-align: justify\">Ah\u00ed mismo fue que anunci\u00f3 que los s\u00e1bados la tesorer\u00eda abrir\u00e1 para atender a los ciudadanos los fines de semana con el objetivo de ampliar los d\u00edas de pago y as\u00ed evitar que los \u00faltimos d\u00edas se formen largas filas.<\/p>\n","protected":false},"excerpt":{"rendered":"<p>Visitas: 0 Ampl\u00edan a los s\u00e1bados el pago de impuesto predial tal y como lo anunci\u00f3 el presidente municipal, Sergio Lorenzo Quiroz Cruz, quien acudi\u00f3 a visitar a los empleados municipales del edificio administrativo y salud\u00f3 a los ciudadanos que estaban haciendo fila en para cubrir su carga impositiva.<\/p>\n","protected":false},"author":1,"featured_media":0,"comment_status":"open","ping_status":"open","sticky":false,"template":"","format":"standard","meta":{"footnotes":""},"categories":[213],"tags":[],"class_list":{"0":"post-168682","1":"post","2":"type-post","3":"status-publish","4":"format-standard","6":"category-poza-rica"},"nelio_content":{"isAutoShareEnabled":true,"autoShareEndMode":"never","automationSources":{"useCustomSentences":false,"customSentences":[]},"followers":[],"suggestedReferences":[],"efiUrl":"","efiAlt":"","highlights":[],"permalinkQueryArgs":[],"series":[]},"_links":{"self":[{"href":"https:\/\/www.enteratever.com\/2023\/wp-json\/wp\/v2\/posts\/168682","targetHints":{"allow":["GET"]}}],"collection":[{"href":"https:\/\/www.enteratever.com\/2023\/wp-json\/wp\/v2\/posts"}],"about":[{"href":"https:\/\/www.enteratever.com\/2023\/wp-json\/wp\/v2\/types\/post"}],"author":[{"embeddable":true,"href":"https:\/\/www.enteratever.com\/2023\/wp-json\/wp\/v2\/users\/1"}],"replies":[{"embeddable":true,"href":"https:\/\/www.enteratever.com\/2023\/wp-json\/wp\/v2\/comments?post=168682"}],"version-history":[{"count":0,"href":"https:\/\/www.enteratever.com\/2023\/wp-json\/wp\/v2\/posts\/168682\/revisions"}],"wp:attachment":[{"href":"https:\/\/www.enteratever.com\/2023\/wp-json\/wp\/v2\/media?parent=168682"}],"wp:term":[{"taxonomy":"category","embeddable":true,"href":"https:\/\/www.enteratever.com\/2023\/wp-json\/wp\/v2\/categories?post=168682"},{"taxonomy":"post_tag","embeddable":true,"href":"https:\/\/www.enteratever.com\/2023\/wp-json\/wp\/v2\/tags?post=168682"}],"curies":[{"name":"wp","href":"https:\/\/api.w.org\/{rel}","templated":true}]}}