{"id":168678,"date":"2014-01-03T13:00:47","date_gmt":"2014-01-03T13:00:47","guid":{"rendered":"https:\/\/www.enteratever.com\/2023\/viajan-estudiantes-de-la-uv-a-europa-centro-y-sudamerica\/"},"modified":"2014-01-03T13:00:47","modified_gmt":"2014-01-03T13:00:47","slug":"viajan-estudiantes-de-la-uv-a-europa-centro-y-sudamerica","status":"publish","type":"post","link":"https:\/\/www.enteratever.com\/2023\/2014\/01\/03\/viajan-estudiantes-de-la-uv-a-europa-centro-y-sudamerica\/","title":{"rendered":"Viajan estudiantes de la UV a Europa, Centro y Sudam\u00e9rica"},"content":{"rendered":"<p>Visitas: 0<\/p><p><a href=\"http:\/\/www.enteratever.com\/wp-content\/uploads\/2014\/01\/usbi.jpg\"><img loading=\"lazy\" decoding=\"async\" class=\"size-full wp-image-17147 aligncenter\" alt=\"usbi\" src=\"http:\/\/www.enteratever.com\/wp-content\/uploads\/2014\/01\/usbi.jpg\" width=\"670\" height=\"400\" \/><\/a><\/p>\n<p style=\"text-align: justify\">Estudiantes de postgrado de la Universidad Veracruzana viajan a partir de este mes a integrarse a universidades de Espa\u00f1a, Costa Rica,\u00a0\u00a0Colombia y Brasil, inform\u00f3 el vicerrector de la zona Poza Rica Tuxpan, Jos\u00e9 Luis Alan\u00eds M\u00e9ndez.<!--more--><\/p>\n<p style=\"text-align: justify\">Menciona que\u00a0\u00a0los estudiantes aprovechan los convenios que la UV mantiene con otros centros acad\u00e9micos de nivel superior, en diferentes pa\u00edses, para continuar con diferentes l\u00edneas de investigaci\u00f3n que desarrollan actualmente para nutrir su experiencia.<\/p>\n<p style=\"text-align: justify\">Indic\u00f3 que tambi\u00e9n los estudiantes de\u00a0\u00a0las licenciaturas, en el marco del programa de movilidad se han integrado a universidades del pa\u00eds y de todo el mundo \u00faltimamente a Australia\u00a0\u00a0y Colombia.<\/p>\n<p style=\"text-align: justify\">Anunci\u00f3 que para este mes de enero se abre la convocatoria para los postgrados que ofrece la Universidad Veracruzana como son Trabajo Social, Gesti\u00f3n del Aprendizaje, Manejo de Ecosistemas entre otros.<\/p>\n","protected":false},"excerpt":{"rendered":"<p>Visitas: 0 Estudiantes de postgrado de la Universidad Veracruzana viajan a partir de este mes a integrarse a universidades de Espa\u00f1a, Costa Rica,\u00a0\u00a0Colombia y Brasil, inform\u00f3 el vicerrector de la zona Poza Rica Tuxpan, Jos\u00e9 Luis Alan\u00eds M\u00e9ndez.<\/p>\n","protected":false},"author":1,"featured_media":0,"comment_status":"open","ping_status":"open","sticky":false,"template":"","format":"standard","meta":{"footnotes":""},"categories":[213],"tags":[],"class_list":{"0":"post-168678","1":"post","2":"type-post","3":"status-publish","4":"format-standard","6":"category-poza-rica"},"nelio_content":{"isAutoShareEnabled":true,"autoShareEndMode":"never","automationSources":{"useCustomSentences":false,"customSentences":[]},"followers":[],"suggestedReferences":[],"efiUrl":"","efiAlt":"","highlights":[],"permalinkQueryArgs":[],"series":[]},"_links":{"self":[{"href":"https:\/\/www.enteratever.com\/2023\/wp-json\/wp\/v2\/posts\/168678","targetHints":{"allow":["GET"]}}],"collection":[{"href":"https:\/\/www.enteratever.com\/2023\/wp-json\/wp\/v2\/posts"}],"about":[{"href":"https:\/\/www.enteratever.com\/2023\/wp-json\/wp\/v2\/types\/post"}],"author":[{"embeddable":true,"href":"https:\/\/www.enteratever.com\/2023\/wp-json\/wp\/v2\/users\/1"}],"replies":[{"embeddable":true,"href":"https:\/\/www.enteratever.com\/2023\/wp-json\/wp\/v2\/comments?post=168678"}],"version-history":[{"count":0,"href":"https:\/\/www.enteratever.com\/2023\/wp-json\/wp\/v2\/posts\/168678\/revisions"}],"wp:attachment":[{"href":"https:\/\/www.enteratever.com\/2023\/wp-json\/wp\/v2\/media?parent=168678"}],"wp:term":[{"taxonomy":"category","embeddable":true,"href":"https:\/\/www.enteratever.com\/2023\/wp-json\/wp\/v2\/categories?post=168678"},{"taxonomy":"post_tag","embeddable":true,"href":"https:\/\/www.enteratever.com\/2023\/wp-json\/wp\/v2\/tags?post=168678"}],"curies":[{"name":"wp","href":"https:\/\/api.w.org\/{rel}","templated":true}]}}