{"id":168675,"date":"2014-01-03T01:00:36","date_gmt":"2014-01-03T01:00:36","guid":{"rendered":"https:\/\/www.enteratever.com\/2023\/pese-a-criticas-jovenes-asumen-regidurias-en-poza-rica-2\/"},"modified":"2014-01-03T01:00:36","modified_gmt":"2014-01-03T01:00:36","slug":"pese-a-criticas-jovenes-asumen-regidurias-en-poza-rica-2","status":"publish","type":"post","link":"https:\/\/www.enteratever.com\/2023\/2014\/01\/03\/pese-a-criticas-jovenes-asumen-regidurias-en-poza-rica-2\/","title":{"rendered":"Pese a cr\u00edticas j\u00f3venes asumen regidurias en Poza Rica"},"content":{"rendered":"<p>Visitas: 1<\/p><p style=\"text-align: justify\"><a href=\"http:\/\/www.enteratever.com\/wp-content\/uploads\/2014\/01\/PozaRica02-03.jpg\"><img loading=\"lazy\" decoding=\"async\" class=\"aligncenter size-full wp-image-17088\" alt=\"PozaRica02-03\" src=\"http:\/\/www.enteratever.com\/wp-content\/uploads\/2014\/01\/PozaRica02-03.jpg\" width=\"670\" height=\"403\" \/><\/a><\/p>\n<p style=\"text-align: justify\">Con 24 a\u00f1os de edad Bautista Neira Quevedo y Sandra Irasema P\u00e9rez son los regidores m\u00e1s j\u00f3venes de la nueva comuna municipal, mismos que ante las cr\u00edticas, que ponen en duda su capacidad para ser funcionarios p\u00fablicos, se\u00f1alan que tienen ideas innovadoras que puedan concretar y recalcan que para servir a la sociedad no importa la edad.<!--more--><\/p>\n<p style=\"text-align: justify\">Bautista Neira Quevedo asumi\u00f3 la regidur\u00eda s\u00e9ptima y fungir\u00e1 en las comisiones de Registro Civil, Panteones y Reclutamiento; mientras que Sandra Irasema P\u00e9rez en las de Salud y Asistencia P\u00fablica y Equidad de G\u00e9nero.<\/p>\n<p style=\"text-align: justify\">Ambos se\u00f1alaron no contar con experiencia sobre las funciones municipales que desempe\u00f1ar\u00e1n, aunque conocen el funcionamiento del Ayuntamiento y afirmaron asumieron el compromiso de servir con responsabilidad.<\/p>\n<p><img loading=\"lazy\" decoding=\"async\" class=\"aligncenter size-full wp-image-17089\" alt=\"PozaRica02-04\" src=\"http:\/\/www.enteratever.com\/wp-content\/uploads\/2014\/01\/PozaRica02-04.jpg\" width=\"670\" height=\"394\" \/><\/p>\n<p style=\"text-align: justify\">Bautista Neira Quevedo mencion\u00f3 que aunque no se cuenta a\u00fan con un programa establecido de trabajo el personal de la comisi\u00f3n de panteones comenz\u00f3 a trabajar desde el 1 de enero, dos horas despu\u00e9s de haber recibido la encomienda.<\/p>\n<p style=\"text-align: justify\">\u00abSomos varios j\u00f3venes en la comuna y traemos ideas novedosas que muchas veces varios no las ven, son ideas nuevas y revolucionarias esperamos poder implementarlas\u00bb, resalt\u00f3 el joven de 24 a\u00f1os, hijo del ex candidato del PRD a la diputaci\u00f3n local, Bautista Neira Wilson.<\/p>\n<p style=\"text-align: justify\">Mientras que Silvia Irasema P\u00e9rez afirma que la funci\u00f3n que desempe\u00f1ar\u00e1 se realizar\u00e1 con visi\u00f3n, fuerza y \u00e1nimos que tienen los j\u00f3venes, que se reflejar\u00e1n en buenos resultados<\/p>\n<p style=\"text-align: justify\">Mencion\u00f3 que durante los pr\u00f3ximos d\u00edas estar\u00e1n conformando el programa de trabajo que se realizar\u00e1 para atender los programas en materia de salud, asistencia p\u00fablica y equidad y g\u00e9nero que le fueron asignados.<\/p>\n<p style=\"text-align: justify\">\u00abCapacidad todo mundo tenemos, es la actitud de quieres hacer las cosas\u00bb, enfatizaron los j\u00f3venes que han sido criticados por quienes dudan de su capacidad dentro de la funci\u00f3n p\u00fablica.<\/p>\n","protected":false},"excerpt":{"rendered":"<p>Visitas: 1 Con 24 a\u00f1os de edad Bautista Neira Quevedo y Sandra Irasema P\u00e9rez son los regidores m\u00e1s j\u00f3venes de la nueva comuna municipal, mismos que ante las cr\u00edticas, que ponen en duda su capacidad para ser funcionarios p\u00fablicos, se\u00f1alan que tienen ideas innovadoras que puedan concretar y recalcan que para servir a la sociedad [&hellip;]<\/p>\n","protected":false},"author":1,"featured_media":0,"comment_status":"open","ping_status":"open","sticky":false,"template":"","format":"standard","meta":{"footnotes":""},"categories":[213],"tags":[],"class_list":{"0":"post-168675","1":"post","2":"type-post","3":"status-publish","4":"format-standard","6":"category-poza-rica"},"nelio_content":{"isAutoShareEnabled":true,"autoShareEndMode":"never","automationSources":{"useCustomSentences":false,"customSentences":[]},"followers":[],"suggestedReferences":[],"efiUrl":"","efiAlt":"","highlights":[],"permalinkQueryArgs":[],"series":[]},"_links":{"self":[{"href":"https:\/\/www.enteratever.com\/2023\/wp-json\/wp\/v2\/posts\/168675","targetHints":{"allow":["GET"]}}],"collection":[{"href":"https:\/\/www.enteratever.com\/2023\/wp-json\/wp\/v2\/posts"}],"about":[{"href":"https:\/\/www.enteratever.com\/2023\/wp-json\/wp\/v2\/types\/post"}],"author":[{"embeddable":true,"href":"https:\/\/www.enteratever.com\/2023\/wp-json\/wp\/v2\/users\/1"}],"replies":[{"embeddable":true,"href":"https:\/\/www.enteratever.com\/2023\/wp-json\/wp\/v2\/comments?post=168675"}],"version-history":[{"count":0,"href":"https:\/\/www.enteratever.com\/2023\/wp-json\/wp\/v2\/posts\/168675\/revisions"}],"wp:attachment":[{"href":"https:\/\/www.enteratever.com\/2023\/wp-json\/wp\/v2\/media?parent=168675"}],"wp:term":[{"taxonomy":"category","embeddable":true,"href":"https:\/\/www.enteratever.com\/2023\/wp-json\/wp\/v2\/categories?post=168675"},{"taxonomy":"post_tag","embeddable":true,"href":"https:\/\/www.enteratever.com\/2023\/wp-json\/wp\/v2\/tags?post=168675"}],"curies":[{"name":"wp","href":"https:\/\/api.w.org\/{rel}","templated":true}]}}