{"id":168667,"date":"2014-01-02T17:12:45","date_gmt":"2014-01-02T17:12:45","guid":{"rendered":"https:\/\/www.enteratever.com\/2023\/comienza-el-analisis-de-problemas-de-ciudadanos-pozaricenses\/"},"modified":"2014-01-02T17:12:45","modified_gmt":"2014-01-02T17:12:45","slug":"comienza-el-analisis-de-problemas-de-ciudadanos-pozaricenses","status":"publish","type":"post","link":"https:\/\/www.enteratever.com\/2023\/2014\/01\/02\/comienza-el-analisis-de-problemas-de-ciudadanos-pozaricenses\/","title":{"rendered":"Preparan acuerdo con ambulantes para d\u00eda de Reyes"},"content":{"rendered":"<p>Visitas: 2<\/p><p style=\"text-align: justify\"><a href=\"http:\/\/www.enteratever.com\/wp-content\/uploads\/2014\/01\/Poza112.jpg\"><img loading=\"lazy\" decoding=\"async\" class=\"aligncenter size-full wp-image-16908\" alt=\"Poza112\" src=\"http:\/\/www.enteratever.com\/wp-content\/uploads\/2014\/01\/Poza112.jpg\" width=\"670\" height=\"401\" \/><\/a><\/p>\n<p style=\"text-align: justify\">Acuerdan dialogar con vendedores ambulantes para esta temporada de d\u00eda de Reyes, en la cual se instalaran el centro de la ciudad adelanto el Regidor de Comercio Edson Jes\u00fas Andrade Reyes.<!--more--><\/p>\n<p style=\"text-align: justify\">Se tienen que dialogar en las pr\u00f3ximas fechas para el 6 de enero las personas que vienen a vender sus juguetes y platicar entre todos saquemos adelante esto as\u00ed que la ciudad se hagan mas bonita. As\u00ed que en el transcurso de la semana y resolver de manera factible para todos, asegur\u00f3.<\/p>\n<p style=\"text-align: justify\">\u00abEstamos viendo los focos rojos y vamos a resolverlos a conveniencia de la ciudadan\u00eda\u00bb agreg\u00f3.<\/p>\n<p style=\"text-align: justify\">En el proceso de entrega y recepci\u00f3n procuraran que todos los problemas que existen en la comisi\u00f3n tratar de resolverlos, realizando un an\u00e1lisis de la problem\u00e1tica que saben que es mucha y no a partir de ahorita si no desde hace mucho tiempo.<\/p>\n","protected":false},"excerpt":{"rendered":"<p>Visitas: 2 Acuerdan dialogar con vendedores ambulantes para esta temporada de d\u00eda de Reyes, en la cual se instalaran el centro de la ciudad adelanto el Regidor de Comercio Edson Jes\u00fas Andrade Reyes.<\/p>\n","protected":false},"author":1,"featured_media":0,"comment_status":"open","ping_status":"open","sticky":false,"template":"","format":"standard","meta":{"footnotes":""},"categories":[213],"tags":[],"class_list":{"0":"post-168667","1":"post","2":"type-post","3":"status-publish","4":"format-standard","6":"category-poza-rica"},"nelio_content":{"isAutoShareEnabled":true,"autoShareEndMode":"never","automationSources":{"useCustomSentences":false,"customSentences":[]},"followers":[],"suggestedReferences":[],"efiUrl":"","efiAlt":"","highlights":[],"permalinkQueryArgs":[],"series":[]},"_links":{"self":[{"href":"https:\/\/www.enteratever.com\/2023\/wp-json\/wp\/v2\/posts\/168667","targetHints":{"allow":["GET"]}}],"collection":[{"href":"https:\/\/www.enteratever.com\/2023\/wp-json\/wp\/v2\/posts"}],"about":[{"href":"https:\/\/www.enteratever.com\/2023\/wp-json\/wp\/v2\/types\/post"}],"author":[{"embeddable":true,"href":"https:\/\/www.enteratever.com\/2023\/wp-json\/wp\/v2\/users\/1"}],"replies":[{"embeddable":true,"href":"https:\/\/www.enteratever.com\/2023\/wp-json\/wp\/v2\/comments?post=168667"}],"version-history":[{"count":0,"href":"https:\/\/www.enteratever.com\/2023\/wp-json\/wp\/v2\/posts\/168667\/revisions"}],"wp:attachment":[{"href":"https:\/\/www.enteratever.com\/2023\/wp-json\/wp\/v2\/media?parent=168667"}],"wp:term":[{"taxonomy":"category","embeddable":true,"href":"https:\/\/www.enteratever.com\/2023\/wp-json\/wp\/v2\/categories?post=168667"},{"taxonomy":"post_tag","embeddable":true,"href":"https:\/\/www.enteratever.com\/2023\/wp-json\/wp\/v2\/tags?post=168667"}],"curies":[{"name":"wp","href":"https:\/\/api.w.org\/{rel}","templated":true}]}}