{"id":168581,"date":"2013-12-20T01:50:49","date_gmt":"2013-12-20T01:50:49","guid":{"rendered":"https:\/\/www.enteratever.com\/2023\/se-van-162-mil-estudiantes-de-vacaciones\/"},"modified":"2013-12-20T01:50:49","modified_gmt":"2013-12-20T01:50:49","slug":"se-van-162-mil-estudiantes-de-vacaciones","status":"publish","type":"post","link":"https:\/\/www.enteratever.com\/2023\/2013\/12\/20\/se-van-162-mil-estudiantes-de-vacaciones\/","title":{"rendered":"Se van 162 mil estudiantes de vacaciones"},"content":{"rendered":"<p>Visitas: 4<\/p><p><a href=\"http:\/\/www.enteratever.com\/wp-content\/uploads\/2013\/12\/Poza43.jpg\"><img loading=\"lazy\" decoding=\"async\" class=\"size-full wp-image-13986 aligncenter\" alt=\"Poza43\" src=\"http:\/\/www.enteratever.com\/wp-content\/uploads\/2013\/12\/Poza43.jpg\" width=\"670\" height=\"400\" \/><\/a><\/p>\n<p style=\"text-align: justify\">A partir de este d\u00eda se van de vacaciones 162 mil estudiantes correspondientes a Poza Rica y municipios cercanos retornando a clases el pr\u00f3ximo siete de enero.<!--more-->\u201cA nivel estatal ser\u00e1n dos millones 341 mil 270 alumnos de 24 mil 341 planteles que hay en el estado y 144 mil 711 docentes de todo los niveles escolares los que saldr\u00e1n de vacaciones\u201d.<\/p>\n<p>La delegada regional de la Secretar\u00eda de Educaci\u00f3n de Veracruz, Dulce Bauza del Mazo, dijo que se ha solicitado a la Polic\u00eda Intermunicipal Poza Rica-Tihuatl\u00e1n -Coatzintla reforzar la vigilancia en las instituciones educativas.<\/p>\n<p>\u201cEsto para evitar cualquier robo a las instalaciones como en otros a\u00f1os se han dado esto debido a que la delincuencia est\u00e1 creciendo mucho m\u00e1s en esta temporada donde se han dado robos y asaltos en la ciudad\u201d.<\/p>\n<p>La funcionaria se\u00f1al\u00f3 que las escuelas se quedar\u00e1n solas y as\u00ed evitar que haya hechos delictivos, sobre todo porque es en esta \u00e9poca en que los amantes de lo ajeno entran a los planteles para robar o causar destrozos.<\/p>\n<p><a href=\"http:\/\/www.enteratever.com\/wp-content\/uploads\/2013\/12\/Poza43_1.jpg\"><img loading=\"lazy\" decoding=\"async\" class=\"size-full wp-image-13987 aligncenter\" alt=\"Poza43_1\" src=\"http:\/\/www.enteratever.com\/wp-content\/uploads\/2013\/12\/Poza43_1.jpg\" width=\"670\" height=\"400\" \/><\/a><\/p>\n<p>Bauza del Mazo, agreg\u00f3 que en las escuelas de nivel b\u00e1sico y medio superior desde el mi\u00e9rcoles empezaron a realizar actividades sociales y culturales como la ya tradicional posada para despedirse y estar en los eventos familiares en estas festividades navide\u00f1as.<\/p>\n","protected":false},"excerpt":{"rendered":"<p>Visitas: 4 A partir de este d\u00eda se van de vacaciones 162 mil estudiantes correspondientes a Poza Rica y municipios cercanos retornando a clases el pr\u00f3ximo siete de enero.<\/p>\n","protected":false},"author":4,"featured_media":0,"comment_status":"open","ping_status":"open","sticky":false,"template":"","format":"standard","meta":{"footnotes":""},"categories":[213],"tags":[],"class_list":{"0":"post-168581","1":"post","2":"type-post","3":"status-publish","4":"format-standard","6":"category-poza-rica"},"nelio_content":{"isAutoShareEnabled":true,"autoShareEndMode":"never","automationSources":{"useCustomSentences":false,"customSentences":[]},"followers":[],"suggestedReferences":[],"efiUrl":"","efiAlt":"","highlights":[],"permalinkQueryArgs":[],"series":[]},"_links":{"self":[{"href":"https:\/\/www.enteratever.com\/2023\/wp-json\/wp\/v2\/posts\/168581","targetHints":{"allow":["GET"]}}],"collection":[{"href":"https:\/\/www.enteratever.com\/2023\/wp-json\/wp\/v2\/posts"}],"about":[{"href":"https:\/\/www.enteratever.com\/2023\/wp-json\/wp\/v2\/types\/post"}],"author":[{"embeddable":true,"href":"https:\/\/www.enteratever.com\/2023\/wp-json\/wp\/v2\/users\/4"}],"replies":[{"embeddable":true,"href":"https:\/\/www.enteratever.com\/2023\/wp-json\/wp\/v2\/comments?post=168581"}],"version-history":[{"count":0,"href":"https:\/\/www.enteratever.com\/2023\/wp-json\/wp\/v2\/posts\/168581\/revisions"}],"wp:attachment":[{"href":"https:\/\/www.enteratever.com\/2023\/wp-json\/wp\/v2\/media?parent=168581"}],"wp:term":[{"taxonomy":"category","embeddable":true,"href":"https:\/\/www.enteratever.com\/2023\/wp-json\/wp\/v2\/categories?post=168581"},{"taxonomy":"post_tag","embeddable":true,"href":"https:\/\/www.enteratever.com\/2023\/wp-json\/wp\/v2\/tags?post=168581"}],"curies":[{"name":"wp","href":"https:\/\/api.w.org\/{rel}","templated":true}]}}