{"id":168580,"date":"2013-12-20T01:45:08","date_gmt":"2013-12-20T01:45:08","guid":{"rendered":"https:\/\/www.enteratever.com\/2023\/vacaciones-para-bibliotecas-publicas-y-paralibros\/"},"modified":"2013-12-20T01:45:08","modified_gmt":"2013-12-20T01:45:08","slug":"vacaciones-para-bibliotecas-publicas-y-paralibros","status":"publish","type":"post","link":"https:\/\/www.enteratever.com\/2023\/2013\/12\/20\/vacaciones-para-bibliotecas-publicas-y-paralibros\/","title":{"rendered":"Vacaciones para  bibliotecas p\u00fablicas y Paralibros"},"content":{"rendered":"<p>Visitas: 4<\/p><p><a href=\"http:\/\/www.enteratever.com\/wp-content\/uploads\/2013\/12\/Poza42_1.jpg\"><img loading=\"lazy\" decoding=\"async\" class=\"size-full wp-image-13983 aligncenter\" alt=\"Poza42_1\" src=\"http:\/\/www.enteratever.com\/wp-content\/uploads\/2013\/12\/Poza42_1.jpg\" width=\"670\" height=\"431\" \/><\/a><\/p>\n<p style=\"text-align: justify\">A partir del 20 de diciembre suspenden actividades las seis bibliotecas de p\u00fablicas de la ciudad y el paralibros del Parque Ju\u00e1rez al iniciarse el periodo que concluye el 13 de enero de 2014.<!--more-->Aurora Vizcarra Hern\u00e1ndez encargada de Bibliotecas, indica que al igual que cientos de trabajadores del servicio p\u00fablico los y las bibliotecarias tambi\u00e9n disfrutan de d\u00edas de asueto.<\/p>\n<p>\u201cNos vamos porque nos toca tambi\u00e9n tener nuestros d\u00edas de descanso, pero a partir del 13 de enero estamos de vuelta para continuar con los programas de trabajo\u201d, dice.<\/p>\n<p style=\"text-align: justify\"><a href=\"http:\/\/www.enteratever.com\/wp-content\/uploads\/2013\/12\/Poza42.jpg\"><img loading=\"lazy\" decoding=\"async\" class=\"size-full wp-image-13982 aligncenter\" alt=\"Poza42\" src=\"http:\/\/www.enteratever.com\/wp-content\/uploads\/2013\/12\/Poza42.jpg\" width=\"670\" height=\"400\" \/><\/a><br \/>\nRecord\u00f3 que durante este 2013 se realizaron diversas actividades entre las que se encuentran \u2018Mis Vacaciones en la Biblioteca\u2019 en el periodo vacacional Julio-Agosto, Fiestas Patrias, Verbenas Culturales, D\u00eda de Muertos y recientemente \u2018Cuentos Navide\u00f1os\u2019.<\/p>\n<p>\u201cY al volver tendremos \u201cRosca de Reyes\u201d y otras actividades, seg\u00fan como nos marque el programa\u201d, prometi\u00f3.<\/p>\n<p>Cabe destacar que los vacaciones de los bibliotecarios coinciden con los d\u00edas de asueto de los estudiantes de todos los niveles escolares que son los principales usuarios de las bibliotecas.<\/p>\n","protected":false},"excerpt":{"rendered":"<p>Visitas: 4 A partir del 20 de diciembre suspenden actividades las seis bibliotecas de p\u00fablicas de la ciudad y el paralibros del Parque Ju\u00e1rez al iniciarse el periodo que concluye el 13 de enero de 2014.<\/p>\n","protected":false},"author":4,"featured_media":0,"comment_status":"open","ping_status":"open","sticky":false,"template":"","format":"standard","meta":{"footnotes":""},"categories":[213],"tags":[],"class_list":{"0":"post-168580","1":"post","2":"type-post","3":"status-publish","4":"format-standard","6":"category-poza-rica"},"nelio_content":{"isAutoShareEnabled":true,"autoShareEndMode":"never","automationSources":{"useCustomSentences":false,"customSentences":[]},"followers":[],"suggestedReferences":[],"efiUrl":"","efiAlt":"","highlights":[],"permalinkQueryArgs":[],"series":[]},"_links":{"self":[{"href":"https:\/\/www.enteratever.com\/2023\/wp-json\/wp\/v2\/posts\/168580","targetHints":{"allow":["GET"]}}],"collection":[{"href":"https:\/\/www.enteratever.com\/2023\/wp-json\/wp\/v2\/posts"}],"about":[{"href":"https:\/\/www.enteratever.com\/2023\/wp-json\/wp\/v2\/types\/post"}],"author":[{"embeddable":true,"href":"https:\/\/www.enteratever.com\/2023\/wp-json\/wp\/v2\/users\/4"}],"replies":[{"embeddable":true,"href":"https:\/\/www.enteratever.com\/2023\/wp-json\/wp\/v2\/comments?post=168580"}],"version-history":[{"count":0,"href":"https:\/\/www.enteratever.com\/2023\/wp-json\/wp\/v2\/posts\/168580\/revisions"}],"wp:attachment":[{"href":"https:\/\/www.enteratever.com\/2023\/wp-json\/wp\/v2\/media?parent=168580"}],"wp:term":[{"taxonomy":"category","embeddable":true,"href":"https:\/\/www.enteratever.com\/2023\/wp-json\/wp\/v2\/categories?post=168580"},{"taxonomy":"post_tag","embeddable":true,"href":"https:\/\/www.enteratever.com\/2023\/wp-json\/wp\/v2\/tags?post=168580"}],"curies":[{"name":"wp","href":"https:\/\/api.w.org\/{rel}","templated":true}]}}