{"id":168513,"date":"2013-12-12T20:03:54","date_gmt":"2013-12-12T20:03:54","guid":{"rendered":"https:\/\/www.enteratever.com\/2023\/inicia-casa-de-cultura-poza-rica-intercambio-con-sus-similares-de-la-region\/"},"modified":"2013-12-12T20:03:54","modified_gmt":"2013-12-12T20:03:54","slug":"inicia-casa-de-cultura-poza-rica-intercambio-con-sus-similares-de-la-region","status":"publish","type":"post","link":"https:\/\/www.enteratever.com\/2023\/2013\/12\/12\/inicia-casa-de-cultura-poza-rica-intercambio-con-sus-similares-de-la-region\/","title":{"rendered":"Inicia Casa de Cultura Poza Rica intercambio con sus similares de la regi\u00f3n"},"content":{"rendered":"<p>Visitas: 3<\/p><p style=\"text-align: justify\"><a href=\"http:\/\/www.enteratever.com\/wp-content\/uploads\/2013\/12\/mujeresdearena.jpg\"><img loading=\"lazy\" decoding=\"async\" class=\"aligncenter size-full wp-image-10664\" alt=\"mujeresdearena\" src=\"http:\/\/www.enteratever.com\/wp-content\/uploads\/2013\/12\/mujeresdearena.jpg\" width=\"670\" height=\"369\" \/><\/a><\/p>\n<p style=\"text-align: justify\">El grupo de teatro Ensamble inicia una serie de funciones por Casas de cultura de la regi\u00f3n en el marco del programa Giras Art\u00edsticas del Instituto Veracruzano de Cultura a las que por vez primera se invita a una agrupaci\u00f3n pozarricense.<!--more-->As\u00ed lo dio a conocer el director de la Casa de Cultura, Jes\u00fas Mart\u00ednez Badillo, quien mencion\u00f3 que este jueves se inician las funciones en Tuxpan a las siete de la noche en la Casa de Cultura del vecino puerto. El grupo Ensamble ha montado, para esta gira, la obra mujeres de arena\u00a0\u00a0dirigida por Jes\u00fas Maldonado Madariaga.<\/p>\n<p style=\"text-align: justify\">Mart\u00ednez Badillo indica que la actividad contin\u00faa el s\u00e1bado cuando se visite el municipio de \u00c1lamo y concluye con la funci\u00f3n del domingo en Papantla.<\/p>\n<p style=\"text-align: justify\">Este programa permite el intercambio de grupos art\u00edsticos y experiencias exitosas entre las distintas casas de la entidad.<\/p>\n","protected":false},"excerpt":{"rendered":"<p>Visitas: 3 El grupo de teatro Ensamble inicia una serie de funciones por Casas de cultura de la regi\u00f3n en el marco del programa Giras Art\u00edsticas del Instituto Veracruzano de Cultura a las que por vez primera se invita a una agrupaci\u00f3n pozarricense.<\/p>\n","protected":false},"author":2,"featured_media":0,"comment_status":"open","ping_status":"open","sticky":false,"template":"","format":"standard","meta":{"footnotes":""},"categories":[213],"tags":[],"class_list":{"0":"post-168513","1":"post","2":"type-post","3":"status-publish","4":"format-standard","6":"category-poza-rica"},"nelio_content":{"isAutoShareEnabled":true,"autoShareEndMode":"never","automationSources":{"useCustomSentences":false,"customSentences":[]},"followers":[],"suggestedReferences":[],"efiUrl":"","efiAlt":"","highlights":[],"permalinkQueryArgs":[],"series":[]},"_links":{"self":[{"href":"https:\/\/www.enteratever.com\/2023\/wp-json\/wp\/v2\/posts\/168513","targetHints":{"allow":["GET"]}}],"collection":[{"href":"https:\/\/www.enteratever.com\/2023\/wp-json\/wp\/v2\/posts"}],"about":[{"href":"https:\/\/www.enteratever.com\/2023\/wp-json\/wp\/v2\/types\/post"}],"author":[{"embeddable":true,"href":"https:\/\/www.enteratever.com\/2023\/wp-json\/wp\/v2\/users\/2"}],"replies":[{"embeddable":true,"href":"https:\/\/www.enteratever.com\/2023\/wp-json\/wp\/v2\/comments?post=168513"}],"version-history":[{"count":0,"href":"https:\/\/www.enteratever.com\/2023\/wp-json\/wp\/v2\/posts\/168513\/revisions"}],"wp:attachment":[{"href":"https:\/\/www.enteratever.com\/2023\/wp-json\/wp\/v2\/media?parent=168513"}],"wp:term":[{"taxonomy":"category","embeddable":true,"href":"https:\/\/www.enteratever.com\/2023\/wp-json\/wp\/v2\/categories?post=168513"},{"taxonomy":"post_tag","embeddable":true,"href":"https:\/\/www.enteratever.com\/2023\/wp-json\/wp\/v2\/tags?post=168513"}],"curies":[{"name":"wp","href":"https:\/\/api.w.org\/{rel}","templated":true}]}}