{"id":168482,"date":"2013-12-08T21:17:54","date_gmt":"2013-12-08T21:17:54","guid":{"rendered":"https:\/\/www.enteratever.com\/2023\/entregan-premio-de-calidad-a-poza-rica-por-programa-agenda-desde-lo-local\/"},"modified":"2013-12-08T21:17:54","modified_gmt":"2013-12-08T21:17:54","slug":"entregan-premio-de-calidad-a-poza-rica-por-programa-agenda-desde-lo-local","status":"publish","type":"post","link":"https:\/\/www.enteratever.com\/2023\/2013\/12\/08\/entregan-premio-de-calidad-a-poza-rica-por-programa-agenda-desde-lo-local\/","title":{"rendered":"Entregan premio de Calidad a Poza Rica por programa Agenda desde lo local"},"content":{"rendered":"<p>Visitas: 4<\/p><p style=\"text-align: justify\"><a href=\"http:\/\/www.enteratever.com\/wp-content\/uploads\/2013\/12\/7708101.jpg\"><img loading=\"lazy\" decoding=\"async\" class=\"aligncenter size-full wp-image-10660\" alt=\"7708101\" src=\"http:\/\/www.enteratever.com\/wp-content\/uploads\/2013\/12\/7708101.jpg\" width=\"670\" height=\"377\" \/><\/a>El Ayuntamiento de Poza Rica recibir\u00e1, este lunes en Boca del R\u00edo, el premio nacional al Desarrollo Municipal, gracias al desempe\u00f1o de la alta calidad en Desarrollo Institucional, Econ\u00f3mico Sostenible, Social Incluyente y Ambiental Sustentable, tras aplicarse por segundo a\u00f1o la metodolog\u00eda Agenda Desde lo local.<!--more--><\/p>\n<p style=\"text-align: justify\">La distinci\u00f3n la otorga el Instituto Nacional para el Federalismo y Desarrollo Municipal, dependiente de la Secretaria de Gobernaci\u00f3n y forma parte de un programa que genera procesos de calidad para el servicio p\u00fablico.<\/p>\n<p style=\"text-align: justify\">En el caso de Poza Rica los procedimientos fueron avalados por la Universidad Veracruzana y las certificaciones se llevaron a cabo durante el mes de agosto y su cumplieron 39 indicadores y 270 par\u00e1metros de todas las \u00e1reas de Ayuntamiento.<\/p>\n<p style=\"text-align: justify\">El presidente municipal, Armando Kirsch Ramos acudir\u00e1 al World Trade Center de Boca del R\u00edo a partir de las 10 de la ma\u00f1ana.<\/p>\n","protected":false},"excerpt":{"rendered":"<p>Visitas: 4El Ayuntamiento de Poza Rica recibir\u00e1, este lunes en Boca del R\u00edo, el premio nacional al Desarrollo Municipal, gracias al desempe\u00f1o de la alta calidad en Desarrollo Institucional, Econ\u00f3mico Sostenible, Social Incluyente y Ambiental Sustentable, tras aplicarse por segundo a\u00f1o la metodolog\u00eda Agenda Desde lo local.<\/p>\n","protected":false},"author":2,"featured_media":0,"comment_status":"open","ping_status":"open","sticky":false,"template":"","format":"standard","meta":{"footnotes":""},"categories":[213],"tags":[],"class_list":{"0":"post-168482","1":"post","2":"type-post","3":"status-publish","4":"format-standard","6":"category-poza-rica"},"nelio_content":{"isAutoShareEnabled":true,"autoShareEndMode":"never","automationSources":{"useCustomSentences":false,"customSentences":[]},"followers":[],"suggestedReferences":[],"efiUrl":"","efiAlt":"","highlights":[],"permalinkQueryArgs":[],"series":[]},"_links":{"self":[{"href":"https:\/\/www.enteratever.com\/2023\/wp-json\/wp\/v2\/posts\/168482","targetHints":{"allow":["GET"]}}],"collection":[{"href":"https:\/\/www.enteratever.com\/2023\/wp-json\/wp\/v2\/posts"}],"about":[{"href":"https:\/\/www.enteratever.com\/2023\/wp-json\/wp\/v2\/types\/post"}],"author":[{"embeddable":true,"href":"https:\/\/www.enteratever.com\/2023\/wp-json\/wp\/v2\/users\/2"}],"replies":[{"embeddable":true,"href":"https:\/\/www.enteratever.com\/2023\/wp-json\/wp\/v2\/comments?post=168482"}],"version-history":[{"count":0,"href":"https:\/\/www.enteratever.com\/2023\/wp-json\/wp\/v2\/posts\/168482\/revisions"}],"wp:attachment":[{"href":"https:\/\/www.enteratever.com\/2023\/wp-json\/wp\/v2\/media?parent=168482"}],"wp:term":[{"taxonomy":"category","embeddable":true,"href":"https:\/\/www.enteratever.com\/2023\/wp-json\/wp\/v2\/categories?post=168482"},{"taxonomy":"post_tag","embeddable":true,"href":"https:\/\/www.enteratever.com\/2023\/wp-json\/wp\/v2\/tags?post=168482"}],"curies":[{"name":"wp","href":"https:\/\/api.w.org\/{rel}","templated":true}]}}