{"id":168473,"date":"2013-12-07T01:04:35","date_gmt":"2013-12-07T01:04:35","guid":{"rendered":"https:\/\/www.enteratever.com\/2023\/la-huasteca-y-el-totonacapan-a-traves-de-la-mirada-de-los-jovenes\/"},"modified":"2013-12-07T01:04:35","modified_gmt":"2013-12-07T01:04:35","slug":"la-huasteca-y-el-totonacapan-a-traves-de-la-mirada-de-los-jovenes","status":"publish","type":"post","link":"https:\/\/www.enteratever.com\/2023\/2013\/12\/07\/la-huasteca-y-el-totonacapan-a-traves-de-la-mirada-de-los-jovenes\/","title":{"rendered":"La Huasteca y el Totonacapan a trav\u00e9s de la mirada de los j\u00f3venes"},"content":{"rendered":"<p>Visitas: 2<\/p><p style=\"text-align: justify\"><a href=\"http:\/\/www.enteratever.com\/wp-content\/uploads\/2013\/12\/PozaRica94.jpg\"><img loading=\"lazy\" decoding=\"async\" class=\"aligncenter size-full wp-image-10478\" alt=\"???????????????????????????????\" src=\"http:\/\/www.enteratever.com\/wp-content\/uploads\/2013\/12\/PozaRica94.jpg\" width=\"670\" height=\"370\" \/><\/a><\/p>\n<p style=\"text-align: justify\">J\u00f3venes estudiantes de comunicaci\u00f3n posan la mirada sobre la Huasteca y el Totonacapan de la que rescatan, a trav\u00e9s de la fotograf\u00eda, la riqueza iconogr\u00e1fica de la zona en la que se asienta Poza Rica.<!--more--><\/p>\n<p style=\"text-align: justify\">As\u00ed se expresa Roberto Abel Santaella Hinojosa, docente de fotograf\u00eda de la Universidad de la Huasteca Veracruzana y gu\u00eda de los 17 expositores de la muestra \u201cmiradas del Totonacapan y la Huasteca Veracruzana\u201d.<\/p>\n<p style=\"text-align: justify\">La exposici\u00f3n, que est\u00e1 montada en el Aula Magna de la instituci\u00f3n educativa, se compone de 36 fotograf\u00edas tomadas en las comunidades cercanas, en la ciudad y en la zona arqueol\u00f3gica de El Taj\u00edn.<\/p>\n<p style=\"text-align: justify\">En relaci\u00f3n con los expositores, Santaella dice que fue a iniciativa de los estudiantes que se mont\u00f3 esta muestra que incluye forograf\u00ecas de Carolina Acosta, C\u00e9sar Bautista, Paulina de la Parra, Sixto D\u00edaz, Gabriela Huerta, Eric L\u00f3pez, Rodrigo Miller, Sisy Mogoll\u00f3n, Astrid Mu\u00f1oz, Frida Portilla, Jorge Reyes, Emanuel Rivera, Itzel Rodr\u00edguez, V\u00ecctor Sandoval, Ismael Trujillo y Josu\u00e9 Vargas.<\/p>\n<p style=\"text-align: justify\">La muestra permanece abierta los d\u00edas seis y siete de diciembre as\u00ed como el lunes nueve y el martes 10.<\/p>\n","protected":false},"excerpt":{"rendered":"<p>Visitas: 2 J\u00f3venes estudiantes de comunicaci\u00f3n posan la mirada sobre la Huasteca y el Totonacapan de la que rescatan, a trav\u00e9s de la fotograf\u00eda, la riqueza iconogr\u00e1fica de la zona en la que se asienta Poza Rica.<\/p>\n","protected":false},"author":2,"featured_media":0,"comment_status":"open","ping_status":"open","sticky":false,"template":"","format":"standard","meta":{"footnotes":""},"categories":[213],"tags":[],"class_list":{"0":"post-168473","1":"post","2":"type-post","3":"status-publish","4":"format-standard","6":"category-poza-rica"},"nelio_content":{"isAutoShareEnabled":true,"autoShareEndMode":"never","automationSources":{"useCustomSentences":false,"customSentences":[]},"followers":[],"suggestedReferences":[],"efiUrl":"","efiAlt":"","highlights":[],"permalinkQueryArgs":[],"series":[]},"_links":{"self":[{"href":"https:\/\/www.enteratever.com\/2023\/wp-json\/wp\/v2\/posts\/168473","targetHints":{"allow":["GET"]}}],"collection":[{"href":"https:\/\/www.enteratever.com\/2023\/wp-json\/wp\/v2\/posts"}],"about":[{"href":"https:\/\/www.enteratever.com\/2023\/wp-json\/wp\/v2\/types\/post"}],"author":[{"embeddable":true,"href":"https:\/\/www.enteratever.com\/2023\/wp-json\/wp\/v2\/users\/2"}],"replies":[{"embeddable":true,"href":"https:\/\/www.enteratever.com\/2023\/wp-json\/wp\/v2\/comments?post=168473"}],"version-history":[{"count":0,"href":"https:\/\/www.enteratever.com\/2023\/wp-json\/wp\/v2\/posts\/168473\/revisions"}],"wp:attachment":[{"href":"https:\/\/www.enteratever.com\/2023\/wp-json\/wp\/v2\/media?parent=168473"}],"wp:term":[{"taxonomy":"category","embeddable":true,"href":"https:\/\/www.enteratever.com\/2023\/wp-json\/wp\/v2\/categories?post=168473"},{"taxonomy":"post_tag","embeddable":true,"href":"https:\/\/www.enteratever.com\/2023\/wp-json\/wp\/v2\/tags?post=168473"}],"curies":[{"name":"wp","href":"https:\/\/api.w.org\/{rel}","templated":true}]}}