{"id":168420,"date":"2013-12-03T00:56:43","date_gmt":"2013-12-03T00:56:43","guid":{"rendered":"https:\/\/www.enteratever.com\/2023\/no-nos-discriminen-piden-jovenes-discapacitados-2\/"},"modified":"2013-12-03T00:56:43","modified_gmt":"2013-12-03T00:56:43","slug":"no-nos-discriminen-piden-jovenes-discapacitados-2","status":"publish","type":"post","link":"https:\/\/www.enteratever.com\/2023\/2013\/12\/03\/no-nos-discriminen-piden-jovenes-discapacitados-2\/","title":{"rendered":"\u201c\u00a1NO nos discriminen!\u201d piden J\u00f3venes Discapacitados"},"content":{"rendered":"<p>Visitas: 2<\/p><p style=\"text-align: justify\"><a href=\"http:\/\/www.enteratever.com\/wp-content\/uploads\/2013\/12\/PozaRica47.jpg\"><img loading=\"lazy\" decoding=\"async\" class=\"aligncenter size-full wp-image-9065\" alt=\"PozaRica47\" src=\"http:\/\/www.enteratever.com\/wp-content\/uploads\/2013\/12\/PozaRica47.jpg\" width=\"670\" height=\"380\" \/><\/a><\/p>\n<p style=\"text-align: justify\">Poza Rica de Hgo., Ver., diciembre 2.- En el marco del acto solemne de fortalecimiento a los s\u00edmbolos patrios esta ma\u00f1ana, presidida por el alcalde Armando Kirsch, David Ulises Ram\u00edrez, alumno del CAM 56, dijo angustiado \u201c\u00a1no nos discriminen!\u201d, reclamando igualdad de oportunidades de desarrollo.<!--more--><\/p>\n<p style=\"text-align: justify\">El joven con capacidades distintas, expres\u00f3 que ahora, tienen su superar barreras porque hay sectores empresariales y de gobierno, que les niegan la oportunidad al trabajo, a\u00fan cuando demuestran tener capacidad y estar preparados inclusive profesionalmente para dar un buen rendimiento laboral.<\/p>\n<p style=\"text-align: justify\">Kirsch Ramos, a quien acompa\u00f1aban ediles del Ayuntamiento e invitados especiales, presenci\u00f3 tambi\u00e9n el paso de grupos de ni\u00f1os y j\u00f3venes con capacidades distintas, portando pancartas en ocasi\u00f3n del \u201cD\u00eda Internacional de la Discapacidad\u201d, que se celebra ma\u00f1ana 3.<\/p>\n<p style=\"text-align: justify\"><a href=\"http:\/\/www.enteratever.com\/wp-content\/uploads\/2013\/12\/PozaRica47_1.jpg\"><img loading=\"lazy\" decoding=\"async\" class=\"aligncenter size-full wp-image-9066\" alt=\"PozaRica47_1\" src=\"http:\/\/www.enteratever.com\/wp-content\/uploads\/2013\/12\/PozaRica47_1.jpg\" width=\"670\" height=\"380\" \/><\/a><\/p>\n<p style=\"text-align: justify\">Por su parte, la oradora oficial a nombre de la autoridad municipal, licenciada Rosalinda Olgu\u00edn Lima, directora del DIF local, expuso que este problema al interior de la familia significa \u201cun mayor esfuerzo en el hogar\u201d, para alcanzar la inserci\u00f3n social integral del discapacitado a la actividad normal.<\/p>\n<p style=\"text-align: justify\">Reconoci\u00f3 que \u201clas personas que sufren alguna discapacidad motriz, luchan por alcanzar su independencia total con tes\u00f3n, esfuerzo y esperanza\u201d e inform\u00f3 que el DIF, posee una unidad m\u00f3vil debidamente acondicionada, para desplaza a esas personas hacia la Unidad de Rehabilitaci\u00f3n para proporcionarles atenci\u00f3n.<\/p>\n<p style=\"text-align: justify\"><a href=\"http:\/\/www.enteratever.com\/wp-content\/uploads\/2013\/12\/PozaRica47_2.jpg\"><img loading=\"lazy\" decoding=\"async\" class=\"aligncenter size-full wp-image-9067\" alt=\"PozaRica47_2\" src=\"http:\/\/www.enteratever.com\/wp-content\/uploads\/2013\/12\/PozaRica47_2.jpg\" width=\"670\" height=\"380\" \/><\/a><\/p>\n<p style=\"text-align: justify\">Habl\u00f3 tambi\u00e9n Guadalupe Lorena Garc\u00eda V\u00e1zquez, para dar a conocer las leyes en las que se fundamenta la necesidad de darle y generar oportunidades para las personas que padecen alguna discapacidad f\u00edsica a fin de propiciarles un desarrollo normal.<\/p>\n<p style=\"text-align: justify\">Reclam\u00f3 un \u201ctrato justo para que se atienda a plenitud los problemas de quienes viven con una discapacidad, que se respeten sus derechos\u201d, para que puedan llegar a disfrutar de una vida plena y sin discriminaciones.<\/p>\n<p style=\"text-align: justify\">El presidente municipal Armando Kirsch Ramos, entreg\u00f3 reconocimientos a cada una de las integrantes de la banda de guerra municipal, que luego de crearse ha tenido presentaciones en los actos c\u00edvicos de los lunes.<\/p>\n<p style=\"text-align: justify\"><a href=\"http:\/\/www.enteratever.com\/wp-content\/uploads\/2013\/12\/PozaRica47_5.jpg\"><img loading=\"lazy\" decoding=\"async\" class=\"aligncenter size-full wp-image-9069\" alt=\"PozaRica47_5\" src=\"http:\/\/www.enteratever.com\/wp-content\/uploads\/2013\/12\/PozaRica47_5.jpg\" width=\"670\" height=\"655\" \/><\/a><\/p>\n<p style=\"text-align: justify\">En el homenaje a los s\u00edmbolos patrios, destac\u00f3 la participaci\u00f3n de la escuela secundaria Art\u00edculo Tercero, cuya escolta port\u00f3 el l\u00e1baro patrio y del ingeniero Faustino Ram\u00edrez P\u00e9rez, dirigiendo los himnos nacional y a Veracruz.<\/p>\n<p style=\"text-align: justify\">Como de costumbre, estuvieron los grupos de petroleros de las Secciones 42 y 47, Jubilados Solidaridad y departamento de Jubilados, de la tercera edad, personal sindicalizado y de confianza del Ayuntamiento y p\u00fablico en general.<\/p>\n<p style=\"text-align: justify\"><a href=\"http:\/\/www.enteratever.com\/wp-content\/uploads\/2013\/12\/PozaRica47_3.jpg\"><img loading=\"lazy\" decoding=\"async\" class=\"aligncenter size-full wp-image-9068\" alt=\"PozaRica47_3\" src=\"http:\/\/www.enteratever.com\/wp-content\/uploads\/2013\/12\/PozaRica47_3.jpg\" width=\"670\" height=\"380\" \/><\/a><\/p>\n<p>&nbsp;<\/p>\n<p>&nbsp;<\/p>\n","protected":false},"excerpt":{"rendered":"<p>Visitas: 2 Poza Rica de Hgo., Ver., diciembre 2.- En el marco del acto solemne de fortalecimiento a los s\u00edmbolos patrios esta ma\u00f1ana, presidida por el alcalde Armando Kirsch, David Ulises Ram\u00edrez, alumno del CAM 56, dijo angustiado \u201c\u00a1no nos discriminen!\u201d, reclamando igualdad de oportunidades de desarrollo.<\/p>\n","protected":false},"author":2,"featured_media":0,"comment_status":"open","ping_status":"open","sticky":false,"template":"","format":"standard","meta":{"footnotes":""},"categories":[299,213],"tags":[],"class_list":{"0":"post-168420","1":"post","2":"type-post","3":"status-publish","4":"format-standard","6":"category-notas-locales","7":"category-poza-rica"},"nelio_content":{"isAutoShareEnabled":true,"autoShareEndMode":"never","automationSources":{"useCustomSentences":false,"customSentences":[]},"followers":[],"suggestedReferences":[],"efiUrl":"","efiAlt":"","highlights":[],"permalinkQueryArgs":[],"series":[]},"_links":{"self":[{"href":"https:\/\/www.enteratever.com\/2023\/wp-json\/wp\/v2\/posts\/168420","targetHints":{"allow":["GET"]}}],"collection":[{"href":"https:\/\/www.enteratever.com\/2023\/wp-json\/wp\/v2\/posts"}],"about":[{"href":"https:\/\/www.enteratever.com\/2023\/wp-json\/wp\/v2\/types\/post"}],"author":[{"embeddable":true,"href":"https:\/\/www.enteratever.com\/2023\/wp-json\/wp\/v2\/users\/2"}],"replies":[{"embeddable":true,"href":"https:\/\/www.enteratever.com\/2023\/wp-json\/wp\/v2\/comments?post=168420"}],"version-history":[{"count":0,"href":"https:\/\/www.enteratever.com\/2023\/wp-json\/wp\/v2\/posts\/168420\/revisions"}],"wp:attachment":[{"href":"https:\/\/www.enteratever.com\/2023\/wp-json\/wp\/v2\/media?parent=168420"}],"wp:term":[{"taxonomy":"category","embeddable":true,"href":"https:\/\/www.enteratever.com\/2023\/wp-json\/wp\/v2\/categories?post=168420"},{"taxonomy":"post_tag","embeddable":true,"href":"https:\/\/www.enteratever.com\/2023\/wp-json\/wp\/v2\/tags?post=168420"}],"curies":[{"name":"wp","href":"https:\/\/api.w.org\/{rel}","templated":true}]}}