{"id":168233,"date":"2018-03-05T00:03:46","date_gmt":"2018-03-05T00:03:46","guid":{"rendered":"https:\/\/www.enteratever.com\/2023\/autobus-el-tihuateco-esta-al-servicio-de-la-comunidad\/"},"modified":"2018-03-05T00:03:46","modified_gmt":"2018-03-05T00:03:46","slug":"autobus-el-tihuateco-esta-al-servicio-de-la-comunidad","status":"publish","type":"post","link":"https:\/\/www.enteratever.com\/2023\/2018\/03\/05\/autobus-el-tihuateco-esta-al-servicio-de-la-comunidad\/","title":{"rendered":"Autob\u00fas \u00abEl Tihuateco\u00bb est\u00e1 al servicio de la comunidad"},"content":{"rendered":"<p>Visitas: 1<\/p><p><strong>Por: Jaqueline Hern\u00e1ndez\u00a0 | Enteratever.com<\/strong><\/p>\n<p style=\"text-align: justify;\">El Presidente Ra\u00fal Hern\u00e1ndez Gallardo junto con su comuna ponen al servicio de los ciudadanos un nuevo autob\u00fas llamado \u00abEl Tihuateco\u00bb, esto con el objetivo de brindarles un mejor viaje a los estudiantes, personas de la tercera edad, entre otros que lo requieran.<\/p>\n<p style=\"text-align: justify;\">\u00abMi esposa Carmen Cervantes y mi comuna estamos muy contentos por este nuevo servicio que vamos a brindar durante esta administraci\u00f3n 2018-2021, en especial por los ni\u00f1os que no tienen la facilidad de salir de sus comunidades\u00bb, asegur\u00f3 el Presidente.<\/p>\n<p style=\"text-align: justify;\">El autob\u00fas \u00abEl Tihuateco\u00bb tuvo su primer recorrido el d\u00eda de ayer 1 de marzo, ya que transport\u00f3 a los ni\u00f1os de la primaria Vicente Guerrero de la comunidad El Mamey al parque ecol\u00f3gico Akga Pun Kitsis y posteriormente los llevaron a disfrutar de una pel\u00edcula al cine.<\/p>\n<p style=\"text-align: justify;\">\u00abEsta salida tambi\u00e9n signific\u00f3 un compromiso por parte de los ni\u00f1os, quienes me aseguraron que estudiar\u00e1n con muchas ganas para sacar buenas calificaciones\u00bb, se\u00f1al\u00f3 el Alcalde.<\/p>\n<p style=\"text-align: justify;\">Por \u00faltimo, el Presidente reafirm\u00f3 que en su administraci\u00f3n seguir\u00e1n a paso firme con la educaci\u00f3n, y que el nuevo autob\u00fas \u00abEl Tihuateco\u00bb va a traer muchos beneficios a todos los ciudadanos de la cabecera municipal y de las comunidades.<\/p>\n","protected":false},"excerpt":{"rendered":"<p>Ni\u00f1os de primaria fueron transportados para que disfrutaran de una funci\u00f3n de cine<\/p>\n","protected":false},"author":2,"featured_media":168234,"comment_status":"open","ping_status":"open","sticky":false,"template":"","format":"standard","meta":{"footnotes":""},"categories":[217],"tags":[],"class_list":{"0":"post-168233","1":"post","2":"type-post","3":"status-publish","4":"format-standard","5":"has-post-thumbnail","7":"category-tihuatlan"},"nelio_content":{"isAutoShareEnabled":true,"autoShareEndMode":"never","automationSources":{"useCustomSentences":false,"customSentences":[]},"followers":[],"suggestedReferences":[],"efiUrl":"","efiAlt":"","highlights":[],"permalinkQueryArgs":[],"series":[]},"_links":{"self":[{"href":"https:\/\/www.enteratever.com\/2023\/wp-json\/wp\/v2\/posts\/168233","targetHints":{"allow":["GET"]}}],"collection":[{"href":"https:\/\/www.enteratever.com\/2023\/wp-json\/wp\/v2\/posts"}],"about":[{"href":"https:\/\/www.enteratever.com\/2023\/wp-json\/wp\/v2\/types\/post"}],"author":[{"embeddable":true,"href":"https:\/\/www.enteratever.com\/2023\/wp-json\/wp\/v2\/users\/2"}],"replies":[{"embeddable":true,"href":"https:\/\/www.enteratever.com\/2023\/wp-json\/wp\/v2\/comments?post=168233"}],"version-history":[{"count":0,"href":"https:\/\/www.enteratever.com\/2023\/wp-json\/wp\/v2\/posts\/168233\/revisions"}],"wp:featuredmedia":[{"embeddable":true,"href":"https:\/\/www.enteratever.com\/2023\/wp-json\/wp\/v2\/media\/168234"}],"wp:attachment":[{"href":"https:\/\/www.enteratever.com\/2023\/wp-json\/wp\/v2\/media?parent=168233"}],"wp:term":[{"taxonomy":"category","embeddable":true,"href":"https:\/\/www.enteratever.com\/2023\/wp-json\/wp\/v2\/categories?post=168233"},{"taxonomy":"post_tag","embeddable":true,"href":"https:\/\/www.enteratever.com\/2023\/wp-json\/wp\/v2\/tags?post=168233"}],"curies":[{"name":"wp","href":"https:\/\/api.w.org\/{rel}","templated":true}]}}