{"id":168221,"date":"2018-02-27T23:24:09","date_gmt":"2018-02-27T23:24:09","guid":{"rendered":"https:\/\/www.enteratever.com\/2023\/amplian-red-electrica-en-tihuatlan\/"},"modified":"2018-02-27T23:24:09","modified_gmt":"2018-02-27T23:24:09","slug":"amplian-red-electrica-en-tihuatlan","status":"publish","type":"post","link":"https:\/\/www.enteratever.com\/2023\/2018\/02\/27\/amplian-red-electrica-en-tihuatlan\/","title":{"rendered":"Ampl\u00edan red el\u00e9ctrica en Tihuatl\u00e1n"},"content":{"rendered":"<p>Visitas: 1<\/p><p style=\"text-align: justify;\"><strong>Por Jaqueline Hern\u00e1ndez | Enteratever.com<\/strong><\/p>\n<p style=\"text-align: justify;\">Con la finalidad de aumentar la seguridad de los habitantes de la calle Los mangos de la Unidad Nacional, el Presidente Ra\u00fal Hern\u00e1ndez Gallardo dio el banderazo oficial para dar inicio a la ampliaci\u00f3n de una red el\u00e9ctrica, la cual tendr\u00e1 una inversi\u00f3n de 414 mil 397 pesos.<\/p>\n<p style=\"text-align: justify;\">\u201cAhora nuestra calle estar\u00e1 iluminada\u201d mencion\u00f3 Claudia Garc\u00eda Morales, habitante de la calle los mangos, quien se mostr\u00f3 muy agradecida con el Alcalde y las autoridades presentes.<\/p>\n<p style=\"text-align: justify;\">Adem\u00e1s, se\u00f1al\u00f3 que este proyecto es un beneficio muy importante para esta calle, ya que gracias a esta red el\u00e9ctrica los ciudadanos que transitan por este lugar ahora podr\u00e1n hacerlo de una manera m\u00e1s segura.<\/p>\n<p style=\"text-align: justify;\">\u201cGracias por el inter\u00e9s que han mostrado a este proyecto, ya que es una de las necesidades b\u00e1sicas con la que no cont\u00e1bamos\u201d, asegur\u00f3 la se\u00f1ora Morales.<\/p>\n<p>Al finalizar el banderazo, los habitantes de la calle Los mangos junto con el Presidente y su comuna, disfrutaron de una comida para celebrar el inicio de esta obra que va a beneficiar a muchas familias.<\/p>\n","protected":false},"excerpt":{"rendered":"<p>Visitas: 1Por Jaqueline Hern\u00e1ndez | Enteratever.com Con la finalidad de aumentar la seguridad de los habitantes de la calle Los mangos de la Unidad Nacional, el Presidente Ra\u00fal Hern\u00e1ndez Gallardo dio el banderazo oficial para dar inicio a la ampliaci\u00f3n de una red el\u00e9ctrica, la cual tendr\u00e1 una inversi\u00f3n de 414 mil 397 pesos. \u201cAhora [&hellip;]<\/p>\n","protected":false},"author":2,"featured_media":168222,"comment_status":"open","ping_status":"open","sticky":false,"template":"","format":"standard","meta":{"footnotes":""},"categories":[217],"tags":[],"class_list":{"0":"post-168221","1":"post","2":"type-post","3":"status-publish","4":"format-standard","5":"has-post-thumbnail","7":"category-tihuatlan"},"nelio_content":{"isAutoShareEnabled":true,"autoShareEndMode":"never","automationSources":{"useCustomSentences":false,"customSentences":[]},"followers":[],"suggestedReferences":[],"efiUrl":"","efiAlt":"","highlights":[],"permalinkQueryArgs":[],"series":[]},"_links":{"self":[{"href":"https:\/\/www.enteratever.com\/2023\/wp-json\/wp\/v2\/posts\/168221","targetHints":{"allow":["GET"]}}],"collection":[{"href":"https:\/\/www.enteratever.com\/2023\/wp-json\/wp\/v2\/posts"}],"about":[{"href":"https:\/\/www.enteratever.com\/2023\/wp-json\/wp\/v2\/types\/post"}],"author":[{"embeddable":true,"href":"https:\/\/www.enteratever.com\/2023\/wp-json\/wp\/v2\/users\/2"}],"replies":[{"embeddable":true,"href":"https:\/\/www.enteratever.com\/2023\/wp-json\/wp\/v2\/comments?post=168221"}],"version-history":[{"count":0,"href":"https:\/\/www.enteratever.com\/2023\/wp-json\/wp\/v2\/posts\/168221\/revisions"}],"wp:featuredmedia":[{"embeddable":true,"href":"https:\/\/www.enteratever.com\/2023\/wp-json\/wp\/v2\/media\/168222"}],"wp:attachment":[{"href":"https:\/\/www.enteratever.com\/2023\/wp-json\/wp\/v2\/media?parent=168221"}],"wp:term":[{"taxonomy":"category","embeddable":true,"href":"https:\/\/www.enteratever.com\/2023\/wp-json\/wp\/v2\/categories?post=168221"},{"taxonomy":"post_tag","embeddable":true,"href":"https:\/\/www.enteratever.com\/2023\/wp-json\/wp\/v2\/tags?post=168221"}],"curies":[{"name":"wp","href":"https:\/\/api.w.org\/{rel}","templated":true}]}}