{"id":168205,"date":"2018-02-20T00:38:23","date_gmt":"2018-02-20T00:38:23","guid":{"rendered":"https:\/\/www.enteratever.com\/2023\/pese-a-cuaresma-venta-del-pollo-no-aumentan-en-tihuatlan\/"},"modified":"2018-02-20T00:38:23","modified_gmt":"2018-02-20T00:38:23","slug":"pese-a-cuaresma-venta-del-pollo-no-aumentan-en-tihuatlan","status":"publish","type":"post","link":"https:\/\/www.enteratever.com\/2023\/2018\/02\/20\/pese-a-cuaresma-venta-del-pollo-no-aumentan-en-tihuatlan\/","title":{"rendered":"Pese a Cuaresma, venta del pollo no aumentan en Tihuatl\u00e1n"},"content":{"rendered":"<p>Visitas: 1<\/p><p style=\"text-align: justify;\"><strong>Por Jaqueline Hern\u00e1ndez | Enteratever.com<\/strong><\/p>\n<p style=\"text-align: justify;\">Comerciantes de poller\u00edas se quejan de las bajas ventas que hay a pesar de las fechas de Cuaresma y Semana Santa, con las cuales se esperaba que sus ventas aumentaran, ya que la gente solo consume carne blanca como el pollo y el pescado.<\/p>\n<p style=\"text-align: justify;\">Una comerciante mencion\u00f3 que estas fechas no los benefician como se espera, debido a que las personas compensan esta celebraci\u00f3n con verdura y pescado, ya que hasta el pollo les parece caro.<\/p>\n<p style=\"text-align: justify;\">Adem\u00e1s, dijo que ojal\u00e1 las ventas incrementen un poco pasando estas fechas, ya que han estado un poco bajas desde el mes de diciembre del a\u00f1o pasado y no han podido recuperarse.<\/p>\n<p style=\"text-align: justify;\">Por otro lado, un vendedor de otra poller\u00eda asegur\u00f3 que sus precios siguen iguales, ya que no pueden aumentarlos porque la gente menos comprar\u00eda, as\u00ed de esta manera esperan que a las personas se acerquen a comprar m\u00e1s pollo.<\/p>\n<p style=\"text-align: justify;\">\u201cDe por si la gente piensa que el pollo es caro, as\u00ed que si le aumento el precio menos van a venir a comprar, incluso aunque sean d\u00edas de cuaresma\u201d, asegur\u00f3 el vendedor.<\/p>\n","protected":false},"excerpt":{"rendered":"<p>Visitas: 1Por Jaqueline Hern\u00e1ndez | Enteratever.com Comerciantes de poller\u00edas se quejan de las bajas ventas que hay a pesar de las fechas de Cuaresma y Semana Santa, con las cuales se esperaba que sus ventas aumentaran, ya que la gente solo consume carne blanca como el pollo y el pescado. Una comerciante mencion\u00f3 que estas [&hellip;]<\/p>\n","protected":false},"author":2,"featured_media":168206,"comment_status":"open","ping_status":"open","sticky":false,"template":"","format":"standard","meta":{"footnotes":""},"categories":[217],"tags":[],"class_list":{"0":"post-168205","1":"post","2":"type-post","3":"status-publish","4":"format-standard","5":"has-post-thumbnail","7":"category-tihuatlan"},"nelio_content":{"isAutoShareEnabled":true,"autoShareEndMode":"never","automationSources":{"useCustomSentences":false,"customSentences":[]},"followers":[],"suggestedReferences":[],"efiUrl":"","efiAlt":"","highlights":[],"permalinkQueryArgs":[],"series":[]},"_links":{"self":[{"href":"https:\/\/www.enteratever.com\/2023\/wp-json\/wp\/v2\/posts\/168205","targetHints":{"allow":["GET"]}}],"collection":[{"href":"https:\/\/www.enteratever.com\/2023\/wp-json\/wp\/v2\/posts"}],"about":[{"href":"https:\/\/www.enteratever.com\/2023\/wp-json\/wp\/v2\/types\/post"}],"author":[{"embeddable":true,"href":"https:\/\/www.enteratever.com\/2023\/wp-json\/wp\/v2\/users\/2"}],"replies":[{"embeddable":true,"href":"https:\/\/www.enteratever.com\/2023\/wp-json\/wp\/v2\/comments?post=168205"}],"version-history":[{"count":0,"href":"https:\/\/www.enteratever.com\/2023\/wp-json\/wp\/v2\/posts\/168205\/revisions"}],"wp:featuredmedia":[{"embeddable":true,"href":"https:\/\/www.enteratever.com\/2023\/wp-json\/wp\/v2\/media\/168206"}],"wp:attachment":[{"href":"https:\/\/www.enteratever.com\/2023\/wp-json\/wp\/v2\/media?parent=168205"}],"wp:term":[{"taxonomy":"category","embeddable":true,"href":"https:\/\/www.enteratever.com\/2023\/wp-json\/wp\/v2\/categories?post=168205"},{"taxonomy":"post_tag","embeddable":true,"href":"https:\/\/www.enteratever.com\/2023\/wp-json\/wp\/v2\/tags?post=168205"}],"curies":[{"name":"wp","href":"https:\/\/api.w.org\/{rel}","templated":true}]}}