{"id":168201,"date":"2018-02-16T22:30:22","date_gmt":"2018-02-16T22:30:22","guid":{"rendered":"https:\/\/www.enteratever.com\/2023\/ventas-de-carnes-rojas-bajaron-en-un-50-en-tihuatlan-por-la-cuaresma\/"},"modified":"2018-02-16T22:30:22","modified_gmt":"2018-02-16T22:30:22","slug":"ventas-de-carnes-rojas-bajaron-en-un-50-en-tihuatlan-por-la-cuaresma","status":"publish","type":"post","link":"https:\/\/www.enteratever.com\/2023\/2018\/02\/16\/ventas-de-carnes-rojas-bajaron-en-un-50-en-tihuatlan-por-la-cuaresma\/","title":{"rendered":"Ventas de carnes rojas bajaron en un 50% en Tihuatl\u00e1n por la Cuaresma"},"content":{"rendered":"<p>Visitas: 1<\/p><p style=\"text-align: justify;\"><strong>Por: Jaqueline Hern\u00e1ndez | Enteratever.com<\/strong><\/p>\n<p style=\"text-align: justify;\">Bajan un 50% las ventas en las carnicer\u00edas, sin embargo, algunos comerciantes expresan que no es tanto por la cuaresma que se est\u00e1 celebrando en este momento, sino por la crisis econ\u00f3mica que se percibe desde hace tiempo.<\/p>\n<p style=\"text-align: justify;\">Feliciano Bautista Mart\u00ednez, comerciante de una carnicer\u00eda afirm\u00f3 que las ventas han estado bajas desde el mes de diciembre del a\u00f1o pasado, y todav\u00eda sum\u00e1ndole estas fechas en las que algunas personas no consumen carne, han bajado mucho m\u00e1s.<\/p>\n<p style=\"text-align: justify;\">\u201cLo \u00fanico que no suben son los salarios\u201d agreg\u00f3 el se\u00f1or Mart\u00ednez, haciendo referencia a que este a\u00f1o han subido los precios de varios productos como la gasolina o incluso la tortilla, as\u00ed que \u00e9l tambi\u00e9n ha tenido que verse forzado a aumentarle el precio a la carne.<\/p>\n<p style=\"text-align: justify;\">Por otro lado, Catalino Rodr\u00edguez, vendedor de otra carnicer\u00eda asegur\u00f3 que \u00e9l si ha podido mantener sus precios, ya que su proveedor se los ha mantenido iguales a \u00e9l para que los pueda vender m\u00e1s r\u00e1pido.<\/p>\n<p>Sin embargo, el se\u00f1or Rodr\u00edguez afirm\u00f3 que las ventas si han bajado desde hace tiempo, pero que igual influye mucho estas fechas de cuaresma y semana santa.<\/p>\n","protected":false},"excerpt":{"rendered":"<p>Visitas: 1Por: Jaqueline Hern\u00e1ndez | Enteratever.com Bajan un 50% las ventas en las carnicer\u00edas, sin embargo, algunos comerciantes expresan que no es tanto por la cuaresma que se est\u00e1 celebrando en este momento, sino por la crisis econ\u00f3mica que se percibe desde hace tiempo. Feliciano Bautista Mart\u00ednez, comerciante de una carnicer\u00eda afirm\u00f3 que las ventas [&hellip;]<\/p>\n","protected":false},"author":2,"featured_media":168202,"comment_status":"open","ping_status":"open","sticky":false,"template":"","format":"standard","meta":{"footnotes":""},"categories":[217],"tags":[],"class_list":{"0":"post-168201","1":"post","2":"type-post","3":"status-publish","4":"format-standard","5":"has-post-thumbnail","7":"category-tihuatlan"},"nelio_content":{"isAutoShareEnabled":true,"autoShareEndMode":"never","automationSources":{"useCustomSentences":false,"customSentences":[]},"followers":[],"suggestedReferences":[],"efiUrl":"","efiAlt":"","highlights":[],"permalinkQueryArgs":[],"series":[]},"_links":{"self":[{"href":"https:\/\/www.enteratever.com\/2023\/wp-json\/wp\/v2\/posts\/168201","targetHints":{"allow":["GET"]}}],"collection":[{"href":"https:\/\/www.enteratever.com\/2023\/wp-json\/wp\/v2\/posts"}],"about":[{"href":"https:\/\/www.enteratever.com\/2023\/wp-json\/wp\/v2\/types\/post"}],"author":[{"embeddable":true,"href":"https:\/\/www.enteratever.com\/2023\/wp-json\/wp\/v2\/users\/2"}],"replies":[{"embeddable":true,"href":"https:\/\/www.enteratever.com\/2023\/wp-json\/wp\/v2\/comments?post=168201"}],"version-history":[{"count":0,"href":"https:\/\/www.enteratever.com\/2023\/wp-json\/wp\/v2\/posts\/168201\/revisions"}],"wp:featuredmedia":[{"embeddable":true,"href":"https:\/\/www.enteratever.com\/2023\/wp-json\/wp\/v2\/media\/168202"}],"wp:attachment":[{"href":"https:\/\/www.enteratever.com\/2023\/wp-json\/wp\/v2\/media?parent=168201"}],"wp:term":[{"taxonomy":"category","embeddable":true,"href":"https:\/\/www.enteratever.com\/2023\/wp-json\/wp\/v2\/categories?post=168201"},{"taxonomy":"post_tag","embeddable":true,"href":"https:\/\/www.enteratever.com\/2023\/wp-json\/wp\/v2\/tags?post=168201"}],"curies":[{"name":"wp","href":"https:\/\/api.w.org\/{rel}","templated":true}]}}