{"id":168173,"date":"2018-02-07T20:17:37","date_gmt":"2018-02-07T20:17:37","guid":{"rendered":"https:\/\/www.enteratever.com\/2023\/ninos-estadounidense-reciben-nacional-mexicana-en-tihuatlan\/"},"modified":"2018-02-07T20:17:37","modified_gmt":"2018-02-07T20:17:37","slug":"ninos-estadounidense-reciben-nacional-mexicana-en-tihuatlan","status":"publish","type":"post","link":"https:\/\/www.enteratever.com\/2023\/2018\/02\/07\/ninos-estadounidense-reciben-nacional-mexicana-en-tihuatlan\/","title":{"rendered":"Ni\u00f1os estadounidense reciben nacional mexicana en Tihuatl\u00e1n"},"content":{"rendered":"<p>Visitas: 1<\/p><p style=\"text-align: justify;\"><strong>Por: Jaqueline Hern\u00e1ndez | Enteratever.com<\/strong><\/p>\n<p style=\"text-align: justify;\">Se hizo entrega de 11 actas para ni\u00f1os y ni\u00f1as estadounidenses cuyos padres son originarios de Tihuatl\u00e1n, la cual les va a permitir tener las mismas oportunidades de estudio que los dem\u00e1s ni\u00f1os, ya que cada a\u00f1o en las escuelas se les ped\u00eda a los padres de familia contar con este documento.<\/p>\n<p style=\"text-align: justify;\">Una de las madres de los ni\u00f1os dijo que las actas hab\u00edan sido solicitadas desde el mes de noviembre del a\u00f1o pasado, pero que finalmente pudieron ser entregadas este 7 de febrero.<\/p>\n<p style=\"text-align: justify;\">Adem\u00e1s, agreg\u00f3 que el principal requisito que se les solicit\u00f3 fue el acta americana para poder apostillarla y posteriormente traducirla, as\u00ed de esta manera se realiz\u00f3 el tr\u00e1mite necesario para que finalmente se les hiciera entrega del acta con la nacionalizaci\u00f3n mexicana de su hijo.<\/p>\n<p style=\"text-align: justify;\">\u201cGracias a esta acta ahora vamos a poder meter a nuestros hijos en muchos programas, ya que al no tenerlas se les sol\u00eda negar la mayor\u00eda de los apoyos con el que un ni\u00f1o debe contar\u201d, asegur\u00f3 la madre.<\/p>\n<p style=\"text-align: justify;\">Las actas fueron entregadas por Carmen Cervantes, Presidenta del Sistema Municipal para el Desarrollo Integral de la Familia (DIF) y entre los presentes tambi\u00e9n estuvieron los regidores y padres de familia de los menores.<\/p>\n","protected":false},"excerpt":{"rendered":"<p>Los menores no pod\u00edan acceder a los programas y en las escuelas se les exig\u00eda que el acta de nacimiento fuera mexicana<\/p>\n","protected":false},"author":2,"featured_media":168174,"comment_status":"open","ping_status":"open","sticky":false,"template":"","format":"standard","meta":{"footnotes":""},"categories":[217],"tags":[],"class_list":{"0":"post-168173","1":"post","2":"type-post","3":"status-publish","4":"format-standard","5":"has-post-thumbnail","7":"category-tihuatlan"},"nelio_content":{"isAutoShareEnabled":true,"autoShareEndMode":"never","automationSources":{"useCustomSentences":false,"customSentences":[]},"followers":[],"suggestedReferences":[],"efiUrl":"","efiAlt":"","highlights":[],"permalinkQueryArgs":[],"series":[]},"_links":{"self":[{"href":"https:\/\/www.enteratever.com\/2023\/wp-json\/wp\/v2\/posts\/168173","targetHints":{"allow":["GET"]}}],"collection":[{"href":"https:\/\/www.enteratever.com\/2023\/wp-json\/wp\/v2\/posts"}],"about":[{"href":"https:\/\/www.enteratever.com\/2023\/wp-json\/wp\/v2\/types\/post"}],"author":[{"embeddable":true,"href":"https:\/\/www.enteratever.com\/2023\/wp-json\/wp\/v2\/users\/2"}],"replies":[{"embeddable":true,"href":"https:\/\/www.enteratever.com\/2023\/wp-json\/wp\/v2\/comments?post=168173"}],"version-history":[{"count":0,"href":"https:\/\/www.enteratever.com\/2023\/wp-json\/wp\/v2\/posts\/168173\/revisions"}],"wp:featuredmedia":[{"embeddable":true,"href":"https:\/\/www.enteratever.com\/2023\/wp-json\/wp\/v2\/media\/168174"}],"wp:attachment":[{"href":"https:\/\/www.enteratever.com\/2023\/wp-json\/wp\/v2\/media?parent=168173"}],"wp:term":[{"taxonomy":"category","embeddable":true,"href":"https:\/\/www.enteratever.com\/2023\/wp-json\/wp\/v2\/categories?post=168173"},{"taxonomy":"post_tag","embeddable":true,"href":"https:\/\/www.enteratever.com\/2023\/wp-json\/wp\/v2\/tags?post=168173"}],"curies":[{"name":"wp","href":"https:\/\/api.w.org\/{rel}","templated":true}]}}