{"id":168155,"date":"2018-01-31T22:29:23","date_gmt":"2018-01-31T22:29:23","guid":{"rendered":"https:\/\/www.enteratever.com\/2023\/caen-ventas-al-70-en-comercios-de-tihuatlan\/"},"modified":"2018-01-31T22:29:23","modified_gmt":"2018-01-31T22:29:23","slug":"caen-ventas-al-70-en-comercios-de-tihuatlan","status":"publish","type":"post","link":"https:\/\/www.enteratever.com\/2023\/2018\/01\/31\/caen-ventas-al-70-en-comercios-de-tihuatlan\/","title":{"rendered":"Caen ventas al 70% en comercios de Tihuatl\u00e1n"},"content":{"rendered":"<p>Visitas: 1<\/p><p><strong>Por: Jaqueline Hern\u00e1ndez | Enteratever.com<\/strong><\/p>\n<p style=\"text-align: justify;\">Comerciantes aseguran que la crisis\u00a0 econ\u00f3mica que se percibe en el municipio de Tihuatl\u00e1n se debe a que las personas prefieren ir a comprar a ciudades m\u00e1s grandes como Poza Rica y Tuxpan, que consumir los productos que ofrecen los comerciantes del mismo municipio.<\/p>\n<p style=\"text-align: justify;\">Adem\u00e1s, algunos de los locatarios han mencionado que al no haber empresas que ofrezcan trabajo en la zona, las personas abren nuevos negocios, lo que ha generado m\u00e1s competencia y que tengan que ajustar sus precios para poder venderlos.<\/p>\n<p style=\"text-align: justify;\">\u00abToda la gente se queja de que la situaci\u00f3n econ\u00f3mica es mala, las ventas han ca\u00eddo hasta un 70% y esto se debe a que la mayor\u00eda de nuestros consumidores son personas de campo, as\u00ed que si el campo no produce, no hay ventas\u00bb, se\u00f1al\u00f3 uno de los comerciantes del Mercado Municipal Revoluci\u00f3n.<\/p>\n<p style=\"text-align: justify;\">En cambio, otro de los comerciantes dijo que toda esta crisis econ\u00f3mica se se viene presentando desde hace a\u00f1os, y que por su parte ha tenido que bajar el precio de sus productos hasta un 30% o incluso tener que probar con otros giros.<\/p>\n<p style=\"text-align: justify;\">Son varios los comerciantes los que se quejan de las bajas ventas que se siguen presentando, ya que a\u00f1o con a\u00f1o la situaci\u00f3n va empeorando, sobre todo esperan que los ciudadanos de las comunidades empiecen a comprar m\u00e1s sus productos locales, en lugar de ir a buscarlos a otros lugares.<\/p>\n","protected":false},"excerpt":{"rendered":"<p>Tihuatecos prefieren comprar en otros municipios como Poza Rica y Tuxpan<\/p>\n","protected":false},"author":2,"featured_media":168156,"comment_status":"open","ping_status":"open","sticky":false,"template":"","format":"standard","meta":{"footnotes":""},"categories":[217],"tags":[],"class_list":{"0":"post-168155","1":"post","2":"type-post","3":"status-publish","4":"format-standard","5":"has-post-thumbnail","7":"category-tihuatlan"},"nelio_content":{"isAutoShareEnabled":true,"autoShareEndMode":"never","automationSources":{"useCustomSentences":false,"customSentences":[]},"followers":[],"suggestedReferences":[],"efiUrl":"","efiAlt":"","highlights":[],"permalinkQueryArgs":[],"series":[]},"_links":{"self":[{"href":"https:\/\/www.enteratever.com\/2023\/wp-json\/wp\/v2\/posts\/168155","targetHints":{"allow":["GET"]}}],"collection":[{"href":"https:\/\/www.enteratever.com\/2023\/wp-json\/wp\/v2\/posts"}],"about":[{"href":"https:\/\/www.enteratever.com\/2023\/wp-json\/wp\/v2\/types\/post"}],"author":[{"embeddable":true,"href":"https:\/\/www.enteratever.com\/2023\/wp-json\/wp\/v2\/users\/2"}],"replies":[{"embeddable":true,"href":"https:\/\/www.enteratever.com\/2023\/wp-json\/wp\/v2\/comments?post=168155"}],"version-history":[{"count":0,"href":"https:\/\/www.enteratever.com\/2023\/wp-json\/wp\/v2\/posts\/168155\/revisions"}],"wp:featuredmedia":[{"embeddable":true,"href":"https:\/\/www.enteratever.com\/2023\/wp-json\/wp\/v2\/media\/168156"}],"wp:attachment":[{"href":"https:\/\/www.enteratever.com\/2023\/wp-json\/wp\/v2\/media?parent=168155"}],"wp:term":[{"taxonomy":"category","embeddable":true,"href":"https:\/\/www.enteratever.com\/2023\/wp-json\/wp\/v2\/categories?post=168155"},{"taxonomy":"post_tag","embeddable":true,"href":"https:\/\/www.enteratever.com\/2023\/wp-json\/wp\/v2\/tags?post=168155"}],"curies":[{"name":"wp","href":"https:\/\/api.w.org\/{rel}","templated":true}]}}