{"id":167727,"date":"2019-12-11T18:02:29","date_gmt":"2019-12-11T18:02:29","guid":{"rendered":"https:\/\/www.enteratever.com\/2023\/dif-prestara-servicio-durante-periodo-vacacional\/"},"modified":"2019-12-11T18:02:29","modified_gmt":"2019-12-11T18:02:29","slug":"dif-prestara-servicio-durante-periodo-vacacional","status":"publish","type":"post","link":"https:\/\/www.enteratever.com\/2023\/2019\/12\/11\/dif-prestara-servicio-durante-periodo-vacacional\/","title":{"rendered":"DIF prestar\u00e1 servicio durante periodo vacacional"},"content":{"rendered":"<p>Visitas: 0<\/p><p style=\"text-align: justify;\">Durante este per\u00edodo vacacional el Sistema de Desarrollo Integral de la Familia (DIF) en Poza Rica estar\u00e1 realizando guardias para poder brindar atenci\u00f3n a la ciudadan\u00eda del municipio cuando lo requieran sin importar la hora, las personas pueden acudir a las oficinas o llamar los n\u00fameros para ser atendidos por el personal que estar\u00e1 a cargo durante las vacaciones.<\/p>\n<p style=\"text-align: justify;\">De acuerdo con Mar\u00eda de la Luz Straffon de Vel\u00e1zquez, Presidenta del DIF en Poza Rica, recalc\u00f3 que sin importar la hora o el d\u00eda, la ciudadan\u00eda puede solicitar el apoyo de la dependencia y el personal estar\u00e1 acudiendo al llamado de auxilio, por lo que pidi\u00f3 a la poblaci\u00f3n que cada que requieran el apoyo llamar a los n\u00famero sin importar que en pr\u00f3ximos d\u00edas comenzar\u00e1n las vacaciones de invierno, pues tiene una obligaci\u00f3n con cada persona que requiera de ellos.<\/p>\n<p style=\"text-align: justify;\">Por otra parte, explic\u00f3 que durante esta temporada invernal se tiene programa la apertura de albergues en caso de que se registren bajas temperaturas durante los pr\u00f3ximos d\u00edas o una persona en situaci\u00f3n de calle requiera resguardarse, hasta el momento no se han visto con la necesidad de tener que abrirlos, pero siempre est\u00e1n atentos.<\/p>\n<p style=\"text-align: justify;\">Recalc\u00f3 que est\u00e1n trabajando en coordinaci\u00f3n con Protecci\u00f3n Civil (PC), pues ellos son los responsables de hacer los recorridos a lo largo de la ciudad, para que en esta temporada invernal si alguien requiere resguardarse en el albergue se les estar\u00e1 llevando y se les brindar\u00e1 lo necesario para evitar que sigan pasando fr\u00edo.<\/p>\n<p style=\"text-align: justify;\">La Presidenta manifest\u00f3 que todos los programas se siguen aplicando para las personas en esta vulnerable, pues se les est\u00e1n enterando despensas, las cuales son entregadas de manera bimestral, al igual se han llevado campa\u00f1as de salud, donde se dan consultas m\u00e9dicas, al igual acercando servicios de mastograf\u00edas, entre otros, por lo que la persona que lo requiera de alg\u00fan programa que el DIF otorga acudan con ellos para tenerlos en lista y reciban su ben\u00e9fico.<\/p>\n","protected":false},"excerpt":{"rendered":"<p>Visitas: 0Durante este per\u00edodo vacacional el Sistema de Desarrollo Integral de la Familia (DIF) en Poza Rica estar\u00e1 realizando guardias para poder brindar atenci\u00f3n a la ciudadan\u00eda del municipio cuando lo requieran sin importar la hora, las personas pueden acudir a las oficinas o llamar los n\u00fameros para ser atendidos por el personal que estar\u00e1 [&hellip;]<\/p>\n","protected":false},"author":4,"featured_media":167728,"comment_status":"open","ping_status":"open","sticky":false,"template":"","format":"standard","meta":{"footnotes":""},"categories":[213],"tags":[],"class_list":{"0":"post-167727","1":"post","2":"type-post","3":"status-publish","4":"format-standard","5":"has-post-thumbnail","7":"category-poza-rica"},"nelio_content":{"isAutoShareEnabled":true,"autoShareEndMode":"never","automationSources":{"useCustomSentences":false,"customSentences":[]},"followers":[],"suggestedReferences":[],"efiUrl":"","efiAlt":"","highlights":[],"permalinkQueryArgs":[],"series":[]},"_links":{"self":[{"href":"https:\/\/www.enteratever.com\/2023\/wp-json\/wp\/v2\/posts\/167727","targetHints":{"allow":["GET"]}}],"collection":[{"href":"https:\/\/www.enteratever.com\/2023\/wp-json\/wp\/v2\/posts"}],"about":[{"href":"https:\/\/www.enteratever.com\/2023\/wp-json\/wp\/v2\/types\/post"}],"author":[{"embeddable":true,"href":"https:\/\/www.enteratever.com\/2023\/wp-json\/wp\/v2\/users\/4"}],"replies":[{"embeddable":true,"href":"https:\/\/www.enteratever.com\/2023\/wp-json\/wp\/v2\/comments?post=167727"}],"version-history":[{"count":0,"href":"https:\/\/www.enteratever.com\/2023\/wp-json\/wp\/v2\/posts\/167727\/revisions"}],"wp:featuredmedia":[{"embeddable":true,"href":"https:\/\/www.enteratever.com\/2023\/wp-json\/wp\/v2\/media\/167728"}],"wp:attachment":[{"href":"https:\/\/www.enteratever.com\/2023\/wp-json\/wp\/v2\/media?parent=167727"}],"wp:term":[{"taxonomy":"category","embeddable":true,"href":"https:\/\/www.enteratever.com\/2023\/wp-json\/wp\/v2\/categories?post=167727"},{"taxonomy":"post_tag","embeddable":true,"href":"https:\/\/www.enteratever.com\/2023\/wp-json\/wp\/v2\/tags?post=167727"}],"curies":[{"name":"wp","href":"https:\/\/api.w.org\/{rel}","templated":true}]}}