{"id":167713,"date":"2019-12-06T01:45:54","date_gmt":"2019-12-06T01:45:54","guid":{"rendered":"https:\/\/www.enteratever.com\/2023\/payasos-invitan-a-la-ciudadania-a-celebrar-su-dia\/"},"modified":"2019-12-06T01:45:54","modified_gmt":"2019-12-06T01:45:54","slug":"payasos-invitan-a-la-ciudadania-a-celebrar-su-dia","status":"publish","type":"post","link":"https:\/\/www.enteratever.com\/2023\/2019\/12\/06\/payasos-invitan-a-la-ciudadania-a-celebrar-su-dia\/","title":{"rendered":"Payasos invitan a la ciudadan\u00eda a celebrar su d\u00eda"},"content":{"rendered":"<p>Visitas: 0<\/p><p style=\"text-align: justify;\">En el marco del D\u00eda Nacional del Payaso el cual se celebra el pr\u00f3ximo 10 de diciembre Payasos realizan la invitaci\u00f3n a que el d\u00eda de ma\u00f1ana 6 de Diciembre acudan a celebrar con ellos su d\u00eda, ya que tienen un espect\u00e1culo preparado en el municipio de Coatzintla, por lo que est\u00e1n invitando tanto a los payasos como a la ciudadan\u00eda de la zona norte del estado, a que acuda para disfrutar el evento, as\u00ed lo dio a conocer el Payaso Piolin.<\/p>\n<p style=\"text-align: justify;\">El evento comenzar\u00e1 a las 15:00 horas con un desfile que estar\u00e1 iniciando sobre la calle Adolfo L\u00f3pez Mateos, este recorrido terminar\u00e1 en el Centro Social Coatzintecos, posteriormente se estar\u00e1n trasladando al Parque Central Manlio Fabio Altamira en donde en punto de las 17:00 horas se estar\u00e1 dando un show, gratis para que las personas puedan disfrutar de este y as\u00ed mismo celebren el d\u00eda del payaso.<\/p>\n<p style=\"text-align: justify;\">Durante la entrevista dieron a conocer que en varios municipios del estado estar\u00e1n realizando sus eventos conmemorativos, como es el caso de Papantla que lo estar\u00e1 celebrando el 10 y Poza Rica est\u00e1 en espera de dar a conocer la fecha pero quieren estar libres por s\u00ed reciben la invitaci\u00f3n acudir a los municipios para que juntos celebren su d\u00eda.<\/p>\n<p style=\"text-align: justify;\">Dijo que la crisis econ\u00f3mica es un problema que hasta a ellos les ha afectado, ya que las contrataciones de su show ya no son como cuando la ciudad se encontraban en su boom petrolero, pues en aquel entonces entonces daba tres o cuatro eventos aproximadamente en la semana en cambio ahora solo en el mes de diciembre tiene agendados tres, situaci\u00f3n que tiene muy preocupados a todos ya que ha bajado hasta un 50 por ciento el trabajo para los payasos.<\/p>\n<p style=\"text-align: justify;\">Por ultimo agradeci\u00f3 a Patricia Cruz Matheis, Presidenta Municipal de Coatzintla por apoyarlos con los vi\u00e1ticos de los payasos especiales que vienen de otros partes de la Rep\u00fablica y del estado, al igual a todo aquel que los apoy\u00f3 haciendo donaciones de dulces y regalos que el d\u00eda de ma\u00f1ana estar\u00e1n dando a los ni\u00f1os que acudan al evento.<\/p>\n","protected":false},"excerpt":{"rendered":"<p>Visitas: 0En el marco del D\u00eda Nacional del Payaso el cual se celebra el pr\u00f3ximo 10 de diciembre Payasos realizan la invitaci\u00f3n a que el d\u00eda de ma\u00f1ana 6 de Diciembre acudan a celebrar con ellos su d\u00eda, ya que tienen un espect\u00e1culo preparado en el municipio de Coatzintla, por lo que est\u00e1n invitando tanto [&hellip;]<\/p>\n","protected":false},"author":4,"featured_media":167714,"comment_status":"open","ping_status":"open","sticky":false,"template":"","format":"standard","meta":{"footnotes":""},"categories":[213],"tags":[],"class_list":{"0":"post-167713","1":"post","2":"type-post","3":"status-publish","4":"format-standard","5":"has-post-thumbnail","7":"category-poza-rica"},"nelio_content":{"isAutoShareEnabled":true,"autoShareEndMode":"never","automationSources":{"useCustomSentences":false,"customSentences":[]},"followers":[],"suggestedReferences":[],"efiUrl":"","efiAlt":"","highlights":[],"permalinkQueryArgs":[],"series":[]},"_links":{"self":[{"href":"https:\/\/www.enteratever.com\/2023\/wp-json\/wp\/v2\/posts\/167713","targetHints":{"allow":["GET"]}}],"collection":[{"href":"https:\/\/www.enteratever.com\/2023\/wp-json\/wp\/v2\/posts"}],"about":[{"href":"https:\/\/www.enteratever.com\/2023\/wp-json\/wp\/v2\/types\/post"}],"author":[{"embeddable":true,"href":"https:\/\/www.enteratever.com\/2023\/wp-json\/wp\/v2\/users\/4"}],"replies":[{"embeddable":true,"href":"https:\/\/www.enteratever.com\/2023\/wp-json\/wp\/v2\/comments?post=167713"}],"version-history":[{"count":0,"href":"https:\/\/www.enteratever.com\/2023\/wp-json\/wp\/v2\/posts\/167713\/revisions"}],"wp:featuredmedia":[{"embeddable":true,"href":"https:\/\/www.enteratever.com\/2023\/wp-json\/wp\/v2\/media\/167714"}],"wp:attachment":[{"href":"https:\/\/www.enteratever.com\/2023\/wp-json\/wp\/v2\/media?parent=167713"}],"wp:term":[{"taxonomy":"category","embeddable":true,"href":"https:\/\/www.enteratever.com\/2023\/wp-json\/wp\/v2\/categories?post=167713"},{"taxonomy":"post_tag","embeddable":true,"href":"https:\/\/www.enteratever.com\/2023\/wp-json\/wp\/v2\/tags?post=167713"}],"curies":[{"name":"wp","href":"https:\/\/api.w.org\/{rel}","templated":true}]}}