{"id":167651,"date":"2019-11-29T02:22:11","date_gmt":"2019-11-29T02:22:11","guid":{"rendered":"https:\/\/www.enteratever.com\/2023\/se-registra-presunto-caso-de-violencia-familiar\/"},"modified":"2019-11-29T02:22:11","modified_gmt":"2019-11-29T02:22:11","slug":"se-registra-presunto-caso-de-violencia-familiar","status":"publish","type":"post","link":"https:\/\/www.enteratever.com\/2023\/2019\/11\/29\/se-registra-presunto-caso-de-violencia-familiar\/","title":{"rendered":"Se registra presunto caso de violencia familiar"},"content":{"rendered":"<p>Visitas: 0<\/p><p style=\"text-align: justify;\">Tras el presunto caso de violencia familiar hacia dos menores padres de familia de la escuela primaria Oswaldo Flores Azuara pidieron la intervenci\u00f3n del Sistema Desarrollo Integral de la Familia (DIF), ya que aseguran que los peque\u00f1os constantemente son agredidos en su hogar y los golpes cada vez son m\u00e1s notorios y m\u00e1s delicados, por lo que solicitaron el apoyo de las autoridades para ver de que forma se le puede ayudar a los ni\u00f1os.<\/p>\n<p style=\"text-align: justify;\">Por lo que el procurador del DIF municipal acudi\u00f3 a las instalaciones de la escuela primaria ubicada en la calle 26 de septiembre de la Colonia Morelos de esta ciudad ya que incluso el Jefe de Manzana preocupado por la situaci\u00f3n de los menores realiz\u00f3 su reporte para que las autoridades estuvieran enterados de esta situaci\u00f3n por separado uno por parte de los padres y otro por parte del jefe de manzana ante las autoridades del Sistema de Desarrollo Integral de la Familia para que atendieran el caso.<\/p>\n<p style=\"text-align: justify;\">Trascendi\u00f3 que este reporte se efectu\u00f3 debido a que los menores llegaban a clases f\u00edsicamente lastimados, por lo que decidieron pedir la intervenci\u00f3n de las autoridades, Mart\u00edn Hern\u00e1ndez Mart\u00ednez Procurador del Menor del DIF municipal, no di\u00f3 informaci\u00f3n espec\u00edfica del sexo o nombre de los ni\u00f1os, por el derecho de intimidad de los menores, porque cualquier referencia que pueda dar con su identidad y protecci\u00f3n de los ni\u00f1os.<\/p>\n<p style=\"text-align: justify;\">Sin embargo se\u00f1al\u00f3 que acudieron inmediatamente para verificar la situaci\u00f3n en la que se encuentran los menores y turnarlo a la fiscal\u00eda especializada en investigaci\u00f3n de delitos de Violencia contra la Familia, Mujeres, Ni\u00f1as, Ni\u00f1os y Trata de Personas en Veracruz, ya que el reporte se los paso la titular del Sistema de Protecci\u00f3n Integral de los Derechos de las Ni\u00f1as, Ni\u00f1os y Adolescentes (SIPINNA), por lo que decidieron acudir lo m\u00e1s r\u00e1pido que pudieron.<\/p>\n<p style=\"text-align: justify;\">A dem\u00e1s no quiso dar m\u00e1s datos para evitar que las investigaciones de vayan a entorpecer, ya que la situaci\u00f3n de los menores estar\u00e1 a cargo de la fiscal\u00eda especializada para determinar su resguardo y garantizar su seguridad por lo que ellos y tendr\u00e1n que buscar la mejor soluci\u00f3n a este problema y sobre todo el cuidar la integridad de los menores.<\/p>\n","protected":false},"excerpt":{"rendered":"<p>Visitas: 0Tras el presunto caso de violencia familiar hacia dos menores padres de familia de la escuela primaria Oswaldo Flores Azuara pidieron la intervenci\u00f3n del Sistema Desarrollo Integral de la Familia (DIF), ya que aseguran que los peque\u00f1os constantemente son agredidos en su hogar y los golpes cada vez son m\u00e1s notorios y m\u00e1s delicados, [&hellip;]<\/p>\n","protected":false},"author":4,"featured_media":167652,"comment_status":"open","ping_status":"open","sticky":false,"template":"","format":"standard","meta":{"footnotes":""},"categories":[213],"tags":[],"class_list":{"0":"post-167651","1":"post","2":"type-post","3":"status-publish","4":"format-standard","5":"has-post-thumbnail","7":"category-poza-rica"},"nelio_content":{"isAutoShareEnabled":true,"autoShareEndMode":"never","automationSources":{"useCustomSentences":false,"customSentences":[]},"followers":[],"suggestedReferences":[],"efiUrl":"","efiAlt":"","highlights":[],"permalinkQueryArgs":[],"series":[]},"_links":{"self":[{"href":"https:\/\/www.enteratever.com\/2023\/wp-json\/wp\/v2\/posts\/167651","targetHints":{"allow":["GET"]}}],"collection":[{"href":"https:\/\/www.enteratever.com\/2023\/wp-json\/wp\/v2\/posts"}],"about":[{"href":"https:\/\/www.enteratever.com\/2023\/wp-json\/wp\/v2\/types\/post"}],"author":[{"embeddable":true,"href":"https:\/\/www.enteratever.com\/2023\/wp-json\/wp\/v2\/users\/4"}],"replies":[{"embeddable":true,"href":"https:\/\/www.enteratever.com\/2023\/wp-json\/wp\/v2\/comments?post=167651"}],"version-history":[{"count":0,"href":"https:\/\/www.enteratever.com\/2023\/wp-json\/wp\/v2\/posts\/167651\/revisions"}],"wp:featuredmedia":[{"embeddable":true,"href":"https:\/\/www.enteratever.com\/2023\/wp-json\/wp\/v2\/media\/167652"}],"wp:attachment":[{"href":"https:\/\/www.enteratever.com\/2023\/wp-json\/wp\/v2\/media?parent=167651"}],"wp:term":[{"taxonomy":"category","embeddable":true,"href":"https:\/\/www.enteratever.com\/2023\/wp-json\/wp\/v2\/categories?post=167651"},{"taxonomy":"post_tag","embeddable":true,"href":"https:\/\/www.enteratever.com\/2023\/wp-json\/wp\/v2\/tags?post=167651"}],"curies":[{"name":"wp","href":"https:\/\/api.w.org\/{rel}","templated":true}]}}