{"id":166814,"date":"2019-07-23T02:33:42","date_gmt":"2019-07-23T02:33:42","guid":{"rendered":"https:\/\/www.enteratever.com\/2023\/icatver-capacita-a-mujeres-para-generar-auto-empleos\/"},"modified":"2019-07-23T02:33:42","modified_gmt":"2019-07-23T02:33:42","slug":"icatver-capacita-a-mujeres-para-generar-auto-empleos","status":"publish","type":"post","link":"https:\/\/www.enteratever.com\/2023\/2019\/07\/23\/icatver-capacita-a-mujeres-para-generar-auto-empleos\/","title":{"rendered":"ICATVER capacita a mujeres para generar auto empleos"},"content":{"rendered":"<p>Visitas: 5<\/p><p style=\"text-align: justify;\"><strong>Por: Pablo Espidio | ENTERATEVER.COM<\/strong><\/p>\n<p style=\"text-align: justify;\">Imparten curso a 25 personas por parte del Instituto de Capacitaci\u00f3n para el Trabajo del estado de Veracruz (ICATVER) con el que buscan darles las herramientas necesarias para que sepan brindarles los cuidados que requieran a las personas de la tercera edad, con ello generar que la ciudadan\u00eda se pueda autoemplearse y con ello incrementar un poco la econom\u00eda del municipio.<\/p>\n<p style=\"text-align: justify;\">Las 25 j\u00f3venes fueron becadas por el cien por ciento las cuales incluye el costo de capacitaci\u00f3n, hermanitas de trabajo por parte del ayuntamiento, la regidora D\u00e9cimo Segunda, Vanessa Balderas S\u00e1nchez, coment\u00f3 que con estos talleres buscaran que las persona que se est\u00e9n capacitando de esta forma puedan generar sus propios ingresos, y con ello poder formar una econom\u00eda solidaria.<\/p>\n<p style=\"text-align: justify;\">Al igual agradeci\u00f3 al ICATVER por la alianza que han creado con el Gobierno Municipal y de eta manera poder tener acceso a m\u00e1s cursos de capacitaci\u00f3n para poder lograr las metas de preparar a persona que tengan la oportunidad de tener un empleo digno, pues el uno de sus objetivos que se propusieron al inicio de la administraci\u00f3n.<\/p>\n<p style=\"text-align: justify;\">La Directora del Desarrollo Integral de la Familia (DIF) Mar\u00eda Magdalena Lara Fuente felicit\u00f3 a las alumnas por su capacitaci\u00f3n para el cuidado de personas adultas, dijo estar contenta porque se est\u00e1 trabajando para brindarles bases fundamentales que les servir\u00e1n en un futuro.<\/p>\n<p style=\"text-align: justify;\">Durante la entrevista la regidora, Vanessa Balderas S\u00e1nchez mencion\u00f3 que se estar\u00e1n brindando m\u00e1s cursos de capacitaci\u00f3n, pr\u00f3ximamente se estar\u00e1 llevando a cabo el taller de mantenimiento de refrigeraci\u00f3n, en el cual estar\u00e1n brind\u00e1ndoles lo conocimiento que requieran para el arreglo de refrigeradores y aire acondicionados, el cual se estar\u00e1 llevando acabo el d\u00eda cinco de agosto.<\/p>\n<p style=\"text-align: justify;\">Se espera que para el 2020 el Gobierno Municipal pueda seguir trabajando con el ICATVER, pues de esta manera siguen apoyando a la ciudadan\u00eda a que cuente con los conocimientos que les permitan tener un empleo.<\/p>\n<p style=\"text-align: justify;\">Por \u00faltimo la funcionaria invit\u00f3 a la ciudadan\u00eda a que acuda a realizar su tr\u00e1mite para ser uno de los seleccionados para acudir a este taller, los interesados deber\u00e1n acudir a la oficina de Direcci\u00f3n de Desarrollo Econ\u00f3mico con los requisitos que necesitan los cuales los pueden encontrar en la p\u00e1gina de ICATVER.<\/p>\n","protected":false},"excerpt":{"rendered":"<p>Visitas: 5Por: Pablo Espidio | ENTERATEVER.COM Imparten curso a 25 personas por parte del Instituto de Capacitaci\u00f3n para el Trabajo del estado de Veracruz (ICATVER) con el que buscan darles las herramientas necesarias para que sepan brindarles los cuidados que requieran a las personas de la tercera edad, con ello generar que la ciudadan\u00eda se [&hellip;]<\/p>\n","protected":false},"author":4,"featured_media":166815,"comment_status":"open","ping_status":"open","sticky":false,"template":"","format":"standard","meta":{"footnotes":""},"categories":[299,213],"tags":[],"class_list":{"0":"post-166814","1":"post","2":"type-post","3":"status-publish","4":"format-standard","5":"has-post-thumbnail","7":"category-notas-locales","8":"category-poza-rica"},"nelio_content":{"isAutoShareEnabled":true,"autoShareEndMode":"never","automationSources":{"useCustomSentences":false,"customSentences":[]},"followers":[],"suggestedReferences":[],"efiUrl":"","efiAlt":"","highlights":[],"permalinkQueryArgs":[],"series":[]},"_links":{"self":[{"href":"https:\/\/www.enteratever.com\/2023\/wp-json\/wp\/v2\/posts\/166814","targetHints":{"allow":["GET"]}}],"collection":[{"href":"https:\/\/www.enteratever.com\/2023\/wp-json\/wp\/v2\/posts"}],"about":[{"href":"https:\/\/www.enteratever.com\/2023\/wp-json\/wp\/v2\/types\/post"}],"author":[{"embeddable":true,"href":"https:\/\/www.enteratever.com\/2023\/wp-json\/wp\/v2\/users\/4"}],"replies":[{"embeddable":true,"href":"https:\/\/www.enteratever.com\/2023\/wp-json\/wp\/v2\/comments?post=166814"}],"version-history":[{"count":0,"href":"https:\/\/www.enteratever.com\/2023\/wp-json\/wp\/v2\/posts\/166814\/revisions"}],"wp:featuredmedia":[{"embeddable":true,"href":"https:\/\/www.enteratever.com\/2023\/wp-json\/wp\/v2\/media\/166815"}],"wp:attachment":[{"href":"https:\/\/www.enteratever.com\/2023\/wp-json\/wp\/v2\/media?parent=166814"}],"wp:term":[{"taxonomy":"category","embeddable":true,"href":"https:\/\/www.enteratever.com\/2023\/wp-json\/wp\/v2\/categories?post=166814"},{"taxonomy":"post_tag","embeddable":true,"href":"https:\/\/www.enteratever.com\/2023\/wp-json\/wp\/v2\/tags?post=166814"}],"curies":[{"name":"wp","href":"https:\/\/api.w.org\/{rel}","templated":true}]}}