{"id":166810,"date":"2019-07-22T03:30:15","date_gmt":"2019-07-22T03:30:15","guid":{"rendered":"https:\/\/www.enteratever.com\/2023\/40487-2\/"},"modified":"2019-07-22T03:30:15","modified_gmt":"2019-07-22T03:30:15","slug":"40487-2","status":"publish","type":"post","link":"https:\/\/www.enteratever.com\/2023\/2019\/07\/22\/40487-2\/","title":{"rendered":"Acci\u00f3n Nacional inaugurar\u00e1 oficinas en Poza Rica"},"content":{"rendered":"<p>Visitas: 4<\/p><p style=\"text-align: justify;\"><strong>Por: Pablo Espidio | ENTERATEVER.COM<\/strong><\/p>\n<p style=\"text-align: justify;\">El d\u00eda tres de agosto se inaugurar\u00e1n oficinas del Partido Acci\u00f3n Nacional (PAN) en Poza Rica esto con el fin de tener una Direcci\u00f3n Oficial donde los militantes, simpatizantes y todas las personas que se quieran unir y conocer m\u00e1s sobre el partido pudran acudir as\u00ed lo dio a conocer Omar Rivera, Presidente de la Delegaci\u00f3n Municipal del PAN en Poza Rica.<\/p>\n<p style=\"text-align: justify;\">La finalidad de la instalaci\u00f3n de las oficinas del PAN en el municipio es que cualquier persona que cumpla con coincida con la doctrina, con sus principios y que tenga ganas de trabajar por el municipio tendr\u00e1 las puertas abiertas, que la poblaci\u00f3n sepa que en donde se encuentran.<\/p>\n<p style=\"text-align: justify;\">Por otra parte habl\u00f3 sobre la uni\u00f3n que existe entre los integrantes del partido en el municipio, pues consideran que de esta manera podr\u00e1n construir un proyecto grande y positivo para el a\u00f1o 2021 con el que esperan ser una opci\u00f3n viable en el tema de las diputaciones y alcald\u00edas que es estar\u00e1n disputando ese a\u00f1o.<\/p>\n<p style=\"text-align: justify;\">Al igual coment\u00f3 c\u00f3mo se encuentran como partido a nivel estatal despu\u00e9s de que fuera anulado el proceso de elecciones a comit\u00e9 directivo estatal que se realiz\u00f3 el once de noviembre del a\u00f1o 2018 esperan que el comit\u00e9 nacional mande una convocatoria para que se puedan repetir las elecciones en el estado.<\/p>\n<p style=\"text-align: justify;\">El Presidente de la Delegaci\u00f3n expreso que en el municipio seguir\u00e1n trabajando local y las diversas acciones que se est\u00e1n haciendo con las diferentes colonias que tiene muchas necesidades en la ciudad, dijo que no por estas elecciones que ser\u00e1n internas no se estar\u00e1 parando con los trabajos que tiene en el municipio.<\/p>\n<p style=\"text-align: justify;\">Hasta el momento no se tiene una fecha exacta de cuando iniciara este nuevo proceso, en este momento est\u00e1 con la renovaci\u00f3n de consejeros nacionales durante todo el mes de agosto pues est\u00e1n realizando asambleas municipales en el estado y esperan que sea al t\u00e9rmino de estas que es el \u00faltimo fin de semana del mes de agosto.<\/p>\n<p>Por \u00faltimo se\u00f1al\u00f3 que seguir\u00e1n trabajando para que cuando sea tiempo de elecciones sean la mejor opci\u00f3n para la ciudadan\u00eda, al igual hizo la invitaci\u00f3n a la poblaci\u00f3n que una vez que est\u00e9n inauguradas las oficinas del PAN en Poza Rica se acerquen para que juntos puedan trabajar.<\/p>\n","protected":false},"excerpt":{"rendered":"<p>Visitas: 4Por: Pablo Espidio | ENTERATEVER.COM El d\u00eda tres de agosto se inaugurar\u00e1n oficinas del Partido Acci\u00f3n Nacional (PAN) en Poza Rica esto con el fin de tener una Direcci\u00f3n Oficial donde los militantes, simpatizantes y todas las personas que se quieran unir y conocer m\u00e1s sobre el partido pudran acudir as\u00ed lo dio a [&hellip;]<\/p>\n","protected":false},"author":4,"featured_media":166811,"comment_status":"open","ping_status":"open","sticky":false,"template":"","format":"standard","meta":{"footnotes":""},"categories":[299,213],"tags":[],"class_list":{"0":"post-166810","1":"post","2":"type-post","3":"status-publish","4":"format-standard","5":"has-post-thumbnail","7":"category-notas-locales","8":"category-poza-rica"},"nelio_content":{"isAutoShareEnabled":true,"autoShareEndMode":"never","automationSources":{"useCustomSentences":false,"customSentences":[]},"followers":[],"suggestedReferences":[],"efiUrl":"","efiAlt":"","highlights":[],"permalinkQueryArgs":[],"series":[]},"_links":{"self":[{"href":"https:\/\/www.enteratever.com\/2023\/wp-json\/wp\/v2\/posts\/166810","targetHints":{"allow":["GET"]}}],"collection":[{"href":"https:\/\/www.enteratever.com\/2023\/wp-json\/wp\/v2\/posts"}],"about":[{"href":"https:\/\/www.enteratever.com\/2023\/wp-json\/wp\/v2\/types\/post"}],"author":[{"embeddable":true,"href":"https:\/\/www.enteratever.com\/2023\/wp-json\/wp\/v2\/users\/4"}],"replies":[{"embeddable":true,"href":"https:\/\/www.enteratever.com\/2023\/wp-json\/wp\/v2\/comments?post=166810"}],"version-history":[{"count":0,"href":"https:\/\/www.enteratever.com\/2023\/wp-json\/wp\/v2\/posts\/166810\/revisions"}],"wp:featuredmedia":[{"embeddable":true,"href":"https:\/\/www.enteratever.com\/2023\/wp-json\/wp\/v2\/media\/166811"}],"wp:attachment":[{"href":"https:\/\/www.enteratever.com\/2023\/wp-json\/wp\/v2\/media?parent=166810"}],"wp:term":[{"taxonomy":"category","embeddable":true,"href":"https:\/\/www.enteratever.com\/2023\/wp-json\/wp\/v2\/categories?post=166810"},{"taxonomy":"post_tag","embeddable":true,"href":"https:\/\/www.enteratever.com\/2023\/wp-json\/wp\/v2\/tags?post=166810"}],"curies":[{"name":"wp","href":"https:\/\/api.w.org\/{rel}","templated":true}]}}