{"id":166806,"date":"2019-07-20T04:30:19","date_gmt":"2019-07-20T04:30:19","guid":{"rendered":"https:\/\/www.enteratever.com\/2023\/colectivo-de-guerrero-realiza-busqueda-de-sus-familiares-desaparecidos-en-el-cereso-de-poza-rica\/"},"modified":"2019-07-20T04:30:19","modified_gmt":"2019-07-20T04:30:19","slug":"colectivo-de-guerrero-realiza-busqueda-de-sus-familiares-desaparecidos-en-el-cereso-de-poza-rica","status":"publish","type":"post","link":"https:\/\/www.enteratever.com\/2023\/2019\/07\/20\/colectivo-de-guerrero-realiza-busqueda-de-sus-familiares-desaparecidos-en-el-cereso-de-poza-rica\/","title":{"rendered":"Colectivo de Guerrero realiza b\u00fasqueda de sus familiares desaparecidos en el CERESO de Poza Rica"},"content":{"rendered":"<p>Visitas: 3<\/p><p style=\"text-align: justify;\"><strong>Por: Pablo Espidio | ENTERATEVER.COM<\/strong><\/p>\n<p style=\"text-align: justify;\">Integrantes del colectivo Unidos por amor a nuestros desaparecidos provenientes del estado de Guerrero, acudieron a las instalaciones del Centro de Reinserci\u00f3n Social (CERESO) de la ciudad de Poza Rica, con la finalidad de buscar a sus familiares y con la esperanza de encontrarlos, pues muchos de ellos tienen a\u00f1os desaparecidos y hasta el momento no saben nada de ellos.<\/p>\n<p style=\"text-align: justify;\">Uno de los integrantes de este colectivo coment\u00f3 que son alrededor de catorce familias las que arribaron al mediod\u00eda al centro penitenciario, al igual se\u00f1alaron que viene de varias partes de la rep\u00fablica con la ilusi\u00f3n de poder obtener un poco de informaci\u00f3n de sus familiares.<\/p>\n<p style=\"text-align: justify;\">Hasta el momento ya acudieron a los municipios de P\u00e1nuco, Tantoyuca, Huayacocotla y en los pr\u00f3ximos d\u00edas estar\u00e1n acudiendo a los municipios de tuxpan y Papantla para seguir con la b\u00fasqueda de sus seres queridos, quien la mayor\u00eda de los desaparecidos son j\u00f3venes.<\/p>\n<p style=\"text-align: justify;\">Las catorce familias que integran este colectivo acudieron acompa\u00f1ados del personal de Derechos Humanos y de la Comisi\u00f3n de b\u00fasqueda de estado, hasta el momento siguen en un proceso de b\u00fasqueda y es por eso que no han podido obtener informaci\u00f3n si su familiar estuvo o se encuentra en alguno de estos centros.<\/p>\n<p style=\"text-align: justify;\">Agradecieron a las autoridades que est\u00e1n a cargo del cereso por el apoyo que se les brind\u00f3 para poder ingresar y que se les brindara la informaci\u00f3n que requer\u00edan, mencion\u00f3 que han visitado 6 centros penitenciarios y hasta el momento llevan dos semanas de trabajo.<\/p>\n","protected":false},"excerpt":{"rendered":"<p>Visitas: 3Por: Pablo Espidio | ENTERATEVER.COM Integrantes del colectivo Unidos por amor a nuestros desaparecidos provenientes del estado de Guerrero, acudieron a las instalaciones del Centro de Reinserci\u00f3n Social (CERESO) de la ciudad de Poza Rica, con la finalidad de buscar a sus familiares y con la esperanza de encontrarlos, pues muchos de ellos tienen [&hellip;]<\/p>\n","protected":false},"author":4,"featured_media":166807,"comment_status":"open","ping_status":"open","sticky":false,"template":"","format":"standard","meta":{"footnotes":""},"categories":[299,213],"tags":[],"class_list":{"0":"post-166806","1":"post","2":"type-post","3":"status-publish","4":"format-standard","5":"has-post-thumbnail","7":"category-notas-locales","8":"category-poza-rica"},"nelio_content":{"isAutoShareEnabled":true,"autoShareEndMode":"never","automationSources":{"useCustomSentences":false,"customSentences":[]},"followers":[],"suggestedReferences":[],"efiUrl":"","efiAlt":"","highlights":[],"permalinkQueryArgs":[],"series":[]},"_links":{"self":[{"href":"https:\/\/www.enteratever.com\/2023\/wp-json\/wp\/v2\/posts\/166806","targetHints":{"allow":["GET"]}}],"collection":[{"href":"https:\/\/www.enteratever.com\/2023\/wp-json\/wp\/v2\/posts"}],"about":[{"href":"https:\/\/www.enteratever.com\/2023\/wp-json\/wp\/v2\/types\/post"}],"author":[{"embeddable":true,"href":"https:\/\/www.enteratever.com\/2023\/wp-json\/wp\/v2\/users\/4"}],"replies":[{"embeddable":true,"href":"https:\/\/www.enteratever.com\/2023\/wp-json\/wp\/v2\/comments?post=166806"}],"version-history":[{"count":0,"href":"https:\/\/www.enteratever.com\/2023\/wp-json\/wp\/v2\/posts\/166806\/revisions"}],"wp:featuredmedia":[{"embeddable":true,"href":"https:\/\/www.enteratever.com\/2023\/wp-json\/wp\/v2\/media\/166807"}],"wp:attachment":[{"href":"https:\/\/www.enteratever.com\/2023\/wp-json\/wp\/v2\/media?parent=166806"}],"wp:term":[{"taxonomy":"category","embeddable":true,"href":"https:\/\/www.enteratever.com\/2023\/wp-json\/wp\/v2\/categories?post=166806"},{"taxonomy":"post_tag","embeddable":true,"href":"https:\/\/www.enteratever.com\/2023\/wp-json\/wp\/v2\/tags?post=166806"}],"curies":[{"name":"wp","href":"https:\/\/api.w.org\/{rel}","templated":true}]}}