{"id":166798,"date":"2019-07-19T01:53:35","date_gmt":"2019-07-19T01:53:35","guid":{"rendered":"https:\/\/www.enteratever.com\/2023\/buscan-alejar-a-los-jovenes-de-la-violencia\/"},"modified":"2019-07-19T01:53:35","modified_gmt":"2019-07-19T01:53:35","slug":"buscan-alejar-a-los-jovenes-de-la-violencia","status":"publish","type":"post","link":"https:\/\/www.enteratever.com\/2023\/2019\/07\/19\/buscan-alejar-a-los-jovenes-de-la-violencia\/","title":{"rendered":"Buscan alejar a los j\u00f3venes de la violencia"},"content":{"rendered":"<p>Visitas: 6<\/p><p style=\"text-align: justify;\"><strong>Por: Pablo Espidio | ENTERATEVER.COM<\/strong><\/p>\n<p style=\"text-align: justify;\">Buscan que j\u00f3venes y ni\u00f1os puedan mostrar sus talentos ante la sociedad, es por eso que el Gobierno Federal por medio de secretar\u00eda de Cultura Federal a trav\u00e9s del programa Jornada de arte y cultura estar\u00e1n realizando trabajos para alejar a los menores de la violencia que se vive actualmente as\u00ed lo dio a conocer, Apolinar Lozano Reyes, Coordinador Veracruz Norte Cultura Comunitaria del Gobierno Federal.<\/p>\n<p style=\"text-align: justify;\">Con este proyecto buscan a personas de municipios con altos \u00edndices de violencia, extrema pobreza puedan trabajar con los menores, en el caso de Poza Rica une los requisitos para poner en pr\u00e1ctica este proyecto, al igual mencion\u00f3 que ese estar\u00e1 realizando un sondeo con el cual se podr\u00e1n identificar los j\u00f3venes que podr\u00e1n pertenecer a este.<\/p>\n<p style=\"text-align: justify;\">Una vez que se tengan identificados los j\u00f3venes se les permitir\u00e1 presentar en un escenario ante la ciudadan\u00eda para que estos reconozcan sus talentos, cabe destacar que los participantes se les estar\u00e1n entregando un apoyo por parte del Gobierno Federal.<\/p>\n<p style=\"text-align: justify;\">El Coordinador coment\u00f3 que estos eventos se estar\u00e1n realizando por el mes noviembre, al igual esperan que puedan participar todo tipo de sectores, ya que con ello buscan inculcar a los integrantes del proyecto sobre la diversidad, la no discriminaci\u00f3n y la equidad de g\u00e9nero entre m\u00e1s.<\/p>\n<p style=\"text-align: justify;\">Este tipo de proyecto no solo ser\u00e1 en Poza Rica sino tambi\u00e9n se estar\u00e1 trabajando en los municipios de Papantla, Tecolutla y Tuxpan, por otra parte se\u00f1al\u00f3 que la respuesta por parte de los diferentes ayuntamientos a los que ha asistido ha sido muy buena ya que se encuentra a gusto de que se est\u00e9n implementando proyectos para la poblaci\u00f3n vulnerable<\/p>\n","protected":false},"excerpt":{"rendered":"<p>Visitas: 6Por: Pablo Espidio | ENTERATEVER.COM Buscan que j\u00f3venes y ni\u00f1os puedan mostrar sus talentos ante la sociedad, es por eso que el Gobierno Federal por medio de secretar\u00eda de Cultura Federal a trav\u00e9s del programa Jornada de arte y cultura estar\u00e1n realizando trabajos para alejar a los menores de la violencia que se vive [&hellip;]<\/p>\n","protected":false},"author":4,"featured_media":166799,"comment_status":"open","ping_status":"open","sticky":false,"template":"","format":"standard","meta":{"footnotes":""},"categories":[299,213],"tags":[],"class_list":{"0":"post-166798","1":"post","2":"type-post","3":"status-publish","4":"format-standard","5":"has-post-thumbnail","7":"category-notas-locales","8":"category-poza-rica"},"nelio_content":{"isAutoShareEnabled":true,"autoShareEndMode":"never","automationSources":{"useCustomSentences":false,"customSentences":[]},"followers":[],"suggestedReferences":[],"efiUrl":"","efiAlt":"","highlights":[],"permalinkQueryArgs":[],"series":[]},"_links":{"self":[{"href":"https:\/\/www.enteratever.com\/2023\/wp-json\/wp\/v2\/posts\/166798","targetHints":{"allow":["GET"]}}],"collection":[{"href":"https:\/\/www.enteratever.com\/2023\/wp-json\/wp\/v2\/posts"}],"about":[{"href":"https:\/\/www.enteratever.com\/2023\/wp-json\/wp\/v2\/types\/post"}],"author":[{"embeddable":true,"href":"https:\/\/www.enteratever.com\/2023\/wp-json\/wp\/v2\/users\/4"}],"replies":[{"embeddable":true,"href":"https:\/\/www.enteratever.com\/2023\/wp-json\/wp\/v2\/comments?post=166798"}],"version-history":[{"count":0,"href":"https:\/\/www.enteratever.com\/2023\/wp-json\/wp\/v2\/posts\/166798\/revisions"}],"wp:featuredmedia":[{"embeddable":true,"href":"https:\/\/www.enteratever.com\/2023\/wp-json\/wp\/v2\/media\/166799"}],"wp:attachment":[{"href":"https:\/\/www.enteratever.com\/2023\/wp-json\/wp\/v2\/media?parent=166798"}],"wp:term":[{"taxonomy":"category","embeddable":true,"href":"https:\/\/www.enteratever.com\/2023\/wp-json\/wp\/v2\/categories?post=166798"},{"taxonomy":"post_tag","embeddable":true,"href":"https:\/\/www.enteratever.com\/2023\/wp-json\/wp\/v2\/tags?post=166798"}],"curies":[{"name":"wp","href":"https:\/\/api.w.org\/{rel}","templated":true}]}}