{"id":166792,"date":"2019-07-18T03:37:41","date_gmt":"2019-07-18T03:37:41","guid":{"rendered":"https:\/\/www.enteratever.com\/2023\/dif-realiza-campamento-de-verano-en-poza-rica\/"},"modified":"2019-07-18T03:37:41","modified_gmt":"2019-07-18T03:37:41","slug":"dif-realiza-campamento-de-verano-en-poza-rica","status":"publish","type":"post","link":"https:\/\/www.enteratever.com\/2023\/2019\/07\/18\/dif-realiza-campamento-de-verano-en-poza-rica\/","title":{"rendered":"DIF realiza Campamento de Verano en Poza Rica"},"content":{"rendered":"<p>Visitas: 2<\/p><p style=\"text-align: justify;\"><strong>Por: Pablo Espidio<\/strong><\/p>\n<p style=\"text-align: justify;\">Dio inicio por segundo a\u00f1o consecutivo el Campamento de Verano DIF 2019, en el Centro de Desarrollo Comunitario de la colonia Los Sauces, con el cual buscan que cientos de ni\u00f1os puedan realizar diversas actividades recreativas y sigan aprendiendo durante sus vacaciones.<\/p>\n<p style=\"text-align: justify;\">Durante tres d\u00edas los menores podr\u00e1n disfrutar de una gran cantidad de talleres, juegos, un conjunto de actividades culturales, deportivas y recreativas, con las cuales esperan que puedan interactuar con m\u00e1s ni\u00f1os de su edad y con ellos separarlos de la violencia.<\/p>\n<p style=\"text-align: justify;\">En la inauguraci\u00f3n de este campamento la presidenta del Sistema Desarrollo Integral de la Familia Mar\u00eda de la Luz Straffon de Vel\u00e1zquez coment\u00f3 que seguir\u00e1n trabajando para seguir apoyando a los ni\u00f1os a que tengan una mejor infancia, al igual que estar\u00e1n uniendo esfuerzos para velar por las familias de la ciudad.<\/p>\n<p style=\"text-align: justify;\">Por otra parte Jaime Herrera Flores, regidor quinto agradeci\u00f3 al padre de familia por brindarles la confianza otorgada al gobierno municipal, al igual se sienten seguros que con este tipo de eventos ayudar\u00e1n a los ni\u00f1os a mejorar su integraci\u00f3n.<\/p>\n<p style=\"text-align: justify;\">Esperan que estas actividades puedan trabajar en su comunicaci\u00f3n, aprender\u00e1n a convivir, a trabajar en equipo y a expresarse y que el ayuntamiento tienen en cuenta las necesidades de las familias de Poza Rica y estar\u00e1n trabajando para tratar de erradicar cualquier tipo de problema que tengan.<\/p>\n","protected":false},"excerpt":{"rendered":"<p>Visitas: 2Por: Pablo Espidio Dio inicio por segundo a\u00f1o consecutivo el Campamento de Verano DIF 2019, en el Centro de Desarrollo Comunitario de la colonia Los Sauces, con el cual buscan que cientos de ni\u00f1os puedan realizar diversas actividades recreativas y sigan aprendiendo durante sus vacaciones. Durante tres d\u00edas los menores podr\u00e1n disfrutar de una [&hellip;]<\/p>\n","protected":false},"author":4,"featured_media":166793,"comment_status":"open","ping_status":"open","sticky":false,"template":"","format":"standard","meta":{"footnotes":""},"categories":[299,213],"tags":[],"class_list":{"0":"post-166792","1":"post","2":"type-post","3":"status-publish","4":"format-standard","5":"has-post-thumbnail","7":"category-notas-locales","8":"category-poza-rica"},"nelio_content":{"isAutoShareEnabled":true,"autoShareEndMode":"never","automationSources":{"useCustomSentences":false,"customSentences":[]},"followers":[],"suggestedReferences":[],"efiUrl":"","efiAlt":"","highlights":[],"permalinkQueryArgs":[],"series":[]},"_links":{"self":[{"href":"https:\/\/www.enteratever.com\/2023\/wp-json\/wp\/v2\/posts\/166792","targetHints":{"allow":["GET"]}}],"collection":[{"href":"https:\/\/www.enteratever.com\/2023\/wp-json\/wp\/v2\/posts"}],"about":[{"href":"https:\/\/www.enteratever.com\/2023\/wp-json\/wp\/v2\/types\/post"}],"author":[{"embeddable":true,"href":"https:\/\/www.enteratever.com\/2023\/wp-json\/wp\/v2\/users\/4"}],"replies":[{"embeddable":true,"href":"https:\/\/www.enteratever.com\/2023\/wp-json\/wp\/v2\/comments?post=166792"}],"version-history":[{"count":0,"href":"https:\/\/www.enteratever.com\/2023\/wp-json\/wp\/v2\/posts\/166792\/revisions"}],"wp:featuredmedia":[{"embeddable":true,"href":"https:\/\/www.enteratever.com\/2023\/wp-json\/wp\/v2\/media\/166793"}],"wp:attachment":[{"href":"https:\/\/www.enteratever.com\/2023\/wp-json\/wp\/v2\/media?parent=166792"}],"wp:term":[{"taxonomy":"category","embeddable":true,"href":"https:\/\/www.enteratever.com\/2023\/wp-json\/wp\/v2\/categories?post=166792"},{"taxonomy":"post_tag","embeddable":true,"href":"https:\/\/www.enteratever.com\/2023\/wp-json\/wp\/v2\/tags?post=166792"}],"curies":[{"name":"wp","href":"https:\/\/api.w.org\/{rel}","templated":true}]}}