{"id":166790,"date":"2019-07-18T03:28:53","date_gmt":"2019-07-18T03:28:53","guid":{"rendered":"https:\/\/www.enteratever.com\/2023\/altos-indices-de-violencia-continuan-cuitlahuac-garcia\/"},"modified":"2019-07-18T03:28:53","modified_gmt":"2019-07-18T03:28:53","slug":"altos-indices-de-violencia-continuan-cuitlahuac-garcia","status":"publish","type":"post","link":"https:\/\/www.enteratever.com\/2023\/2019\/07\/18\/altos-indices-de-violencia-continuan-cuitlahuac-garcia\/","title":{"rendered":"Altos \u00edndices de violencia contin\u00faan: Cuitl\u00e1huac Garc\u00eda"},"content":{"rendered":"<p>Visitas: 1<\/p><p style=\"text-align: justify;\"><strong>Por: Pablo Espidio<\/strong><\/p>\n<p style=\"text-align: justify;\">Tras la visita a la ciudad por parte de Cuitl\u00e1huac Garc\u00eda, Gobernador del Estado de Veracruz, coment\u00f3 que siguen trabajando en el tema de seguridad, pues se siguen registrando altos \u00edndices de violencia en algunas partes del estado Veracruzano.<\/p>\n<p style=\"text-align: justify;\">Durante la entrevista coment\u00f3 que ha pedido al Fiscal del Estado de Veracruz Jorge Winckler Ortiz la renuncia del Titular de la unidad especializada del secuestro, pues se est\u00e1n gastando recursos y hasta el momento no han tenido una respuesta favorable por parte de la organizaci\u00f3n.<\/p>\n<p style=\"text-align: justify;\">Al igual se\u00f1al\u00f3 que en determinado caso el Fiscal General no le pide la renuncia es porque existe una complicidad con delincuentes y eso no se va a permitir ya que ni es posible que no pueda bajar el n\u00famero de secuestros que se presentan constantemente en la entidad.<\/p>\n<p style=\"text-align: justify;\">Cabe destacar que en el mes de Diciembre del 2018, fue inauguraci\u00f3n el edificio de Unidad Especializada en Combate al Secuestro en Xalapa dicha obra tuvo una inversi\u00f3n de alrededor de 55 millones 653 pesos.<\/p>\n<p style=\"text-align: justify;\">Por otra parte habl\u00f3 sobre los diferentes proyectos de obra que tienen en puerta para la zona norte del estado, a los cuales est\u00e1n a poco de dar el banderazo para que se pongan en marcha, con los cuales esperan que la econom\u00eda de los municipios mejore.<\/p>\n","protected":false},"excerpt":{"rendered":"<p>Visitas: 1Por: Pablo Espidio Tras la visita a la ciudad por parte de Cuitl\u00e1huac Garc\u00eda, Gobernador del Estado de Veracruz, coment\u00f3 que siguen trabajando en el tema de seguridad, pues se siguen registrando altos \u00edndices de violencia en algunas partes del estado Veracruzano. Durante la entrevista coment\u00f3 que ha pedido al Fiscal del Estado de [&hellip;]<\/p>\n","protected":false},"author":4,"featured_media":166791,"comment_status":"open","ping_status":"open","sticky":false,"template":"","format":"standard","meta":{"footnotes":""},"categories":[299,213],"tags":[],"class_list":{"0":"post-166790","1":"post","2":"type-post","3":"status-publish","4":"format-standard","5":"has-post-thumbnail","7":"category-notas-locales","8":"category-poza-rica"},"nelio_content":{"isAutoShareEnabled":true,"autoShareEndMode":"never","automationSources":{"useCustomSentences":false,"customSentences":[]},"followers":[],"suggestedReferences":[],"efiUrl":"","efiAlt":"","highlights":[],"permalinkQueryArgs":[],"series":[]},"_links":{"self":[{"href":"https:\/\/www.enteratever.com\/2023\/wp-json\/wp\/v2\/posts\/166790","targetHints":{"allow":["GET"]}}],"collection":[{"href":"https:\/\/www.enteratever.com\/2023\/wp-json\/wp\/v2\/posts"}],"about":[{"href":"https:\/\/www.enteratever.com\/2023\/wp-json\/wp\/v2\/types\/post"}],"author":[{"embeddable":true,"href":"https:\/\/www.enteratever.com\/2023\/wp-json\/wp\/v2\/users\/4"}],"replies":[{"embeddable":true,"href":"https:\/\/www.enteratever.com\/2023\/wp-json\/wp\/v2\/comments?post=166790"}],"version-history":[{"count":0,"href":"https:\/\/www.enteratever.com\/2023\/wp-json\/wp\/v2\/posts\/166790\/revisions"}],"wp:featuredmedia":[{"embeddable":true,"href":"https:\/\/www.enteratever.com\/2023\/wp-json\/wp\/v2\/media\/166791"}],"wp:attachment":[{"href":"https:\/\/www.enteratever.com\/2023\/wp-json\/wp\/v2\/media?parent=166790"}],"wp:term":[{"taxonomy":"category","embeddable":true,"href":"https:\/\/www.enteratever.com\/2023\/wp-json\/wp\/v2\/categories?post=166790"},{"taxonomy":"post_tag","embeddable":true,"href":"https:\/\/www.enteratever.com\/2023\/wp-json\/wp\/v2\/tags?post=166790"}],"curies":[{"name":"wp","href":"https:\/\/api.w.org\/{rel}","templated":true}]}}