{"id":166786,"date":"2019-07-17T03:45:38","date_gmt":"2019-07-17T03:45:38","guid":{"rendered":"https:\/\/www.enteratever.com\/2023\/taxistas-solicitan-cursos-de-prevencion-del-delito-en-poza-rica\/"},"modified":"2019-07-17T03:45:38","modified_gmt":"2019-07-17T03:45:38","slug":"taxistas-solicitan-cursos-de-prevencion-del-delito-en-poza-rica","status":"publish","type":"post","link":"https:\/\/www.enteratever.com\/2023\/2019\/07\/17\/taxistas-solicitan-cursos-de-prevencion-del-delito-en-poza-rica\/","title":{"rendered":"Taxistas solicitan cursos de prevenci\u00f3n del delito en Poza Rica"},"content":{"rendered":"<p>Visitas: 1<\/p><p style=\"text-align: justify;\"><strong>Por: Pablo Espidio<\/strong><\/p>\n<p style=\"text-align: justify;\">Durante la ma\u00f1ana de este martes 16 de julio taxistas se reunieron con autoridades de tr\u00e1nsito y vialidad solicitaron un curso de prevenci\u00f3n del delito esto con el fin de brindar un mejor servicio a la ciudadan\u00eda coment\u00f3 Samuel Vicencio Delgado, Coordinador Regional de la Federaci\u00f3n Aut\u00e9ntica de Trabajadores del Estado de Veracruz (FATEV).<\/p>\n<p style=\"text-align: justify;\">El Coordinador se\u00f1al\u00f3 que tuvieron una repuesta favorable por parte del Regidor Eloy N\u00fa\u00f1ez de Le\u00f3n y por parte del director la polic\u00eda municipal, Aar\u00f3n Betanzos Zumaya quienes les autorizaron que pueden iniciar estos talleres, al igual se les brinda la ayuda para revisar las cuestiones de las rutas del transporte y el congestionamiento que se hace en las principales calles del centro de la ciudad.<\/p>\n<p style=\"text-align: justify;\">Al igual hablo respecto a la disminuci\u00f3n que se ha presentado en el robo de los agremiados a la federaci\u00f3n, dijo los que siguen padeciendo de este problema son los taxistas de la regi\u00f3n de robos de veh\u00edculos y asaltos.<\/p>\n<p style=\"text-align: justify;\">Se\u00f1al\u00f3 que la federaci\u00f3n est\u00e1 trabajando para que los integrantes de la federaci\u00f3n siempre tengan sus papeles en regla como lo es el seguro del auto y su licencia, al igual que siempre carguen una identificaci\u00f3n personal para cualquier problema que se llegue a presentar.<\/p>\n<p style=\"text-align: justify;\">Vicencio Delgado destac\u00f3 que en el mes de agosto se registraron alrededor de diez asaltos por d\u00eda, se presentaban en Poza Rica y en Coatzintla pero hasta el momento no cuentan con una cantidad exacta de la cantidad de robos que se han presentado en lo que va el mes, pero asegura que ha disminuido alrededor de un cinco asaltos y esperan poder cerrar el mes con esa cantidad de robos.<\/p>\n","protected":false},"excerpt":{"rendered":"<p>Visitas: 1Por: Pablo Espidio Durante la ma\u00f1ana de este martes 16 de julio taxistas se reunieron con autoridades de tr\u00e1nsito y vialidad solicitaron un curso de prevenci\u00f3n del delito esto con el fin de brindar un mejor servicio a la ciudadan\u00eda coment\u00f3 Samuel Vicencio Delgado, Coordinador Regional de la Federaci\u00f3n Aut\u00e9ntica de Trabajadores del Estado [&hellip;]<\/p>\n","protected":false},"author":4,"featured_media":166787,"comment_status":"open","ping_status":"open","sticky":false,"template":"","format":"standard","meta":{"footnotes":""},"categories":[299,213],"tags":[],"class_list":{"0":"post-166786","1":"post","2":"type-post","3":"status-publish","4":"format-standard","5":"has-post-thumbnail","7":"category-notas-locales","8":"category-poza-rica"},"nelio_content":{"isAutoShareEnabled":true,"autoShareEndMode":"never","automationSources":{"useCustomSentences":false,"customSentences":[]},"followers":[],"suggestedReferences":[],"efiUrl":"","efiAlt":"","highlights":[],"permalinkQueryArgs":[],"series":[]},"_links":{"self":[{"href":"https:\/\/www.enteratever.com\/2023\/wp-json\/wp\/v2\/posts\/166786","targetHints":{"allow":["GET"]}}],"collection":[{"href":"https:\/\/www.enteratever.com\/2023\/wp-json\/wp\/v2\/posts"}],"about":[{"href":"https:\/\/www.enteratever.com\/2023\/wp-json\/wp\/v2\/types\/post"}],"author":[{"embeddable":true,"href":"https:\/\/www.enteratever.com\/2023\/wp-json\/wp\/v2\/users\/4"}],"replies":[{"embeddable":true,"href":"https:\/\/www.enteratever.com\/2023\/wp-json\/wp\/v2\/comments?post=166786"}],"version-history":[{"count":0,"href":"https:\/\/www.enteratever.com\/2023\/wp-json\/wp\/v2\/posts\/166786\/revisions"}],"wp:featuredmedia":[{"embeddable":true,"href":"https:\/\/www.enteratever.com\/2023\/wp-json\/wp\/v2\/media\/166787"}],"wp:attachment":[{"href":"https:\/\/www.enteratever.com\/2023\/wp-json\/wp\/v2\/media?parent=166786"}],"wp:term":[{"taxonomy":"category","embeddable":true,"href":"https:\/\/www.enteratever.com\/2023\/wp-json\/wp\/v2\/categories?post=166786"},{"taxonomy":"post_tag","embeddable":true,"href":"https:\/\/www.enteratever.com\/2023\/wp-json\/wp\/v2\/tags?post=166786"}],"curies":[{"name":"wp","href":"https:\/\/api.w.org\/{rel}","templated":true}]}}