{"id":166776,"date":"2019-07-15T19:26:25","date_gmt":"2019-07-15T19:26:25","guid":{"rendered":"https:\/\/www.enteratever.com\/2023\/inicia-mis-vacaciones-en-la-biblioteca-en-poza-rica\/"},"modified":"2019-07-15T19:26:25","modified_gmt":"2019-07-15T19:26:25","slug":"inicia-mis-vacaciones-en-la-biblioteca-en-poza-rica","status":"publish","type":"post","link":"https:\/\/www.enteratever.com\/2023\/2019\/07\/15\/inicia-mis-vacaciones-en-la-biblioteca-en-poza-rica\/","title":{"rendered":"Inicia Mis Vacaciones en la Biblioteca en Poza Rica"},"content":{"rendered":"<p>Visitas: 10<\/p><p style=\"text-align: justify;\"><strong>Por: Pablo Espidio<\/strong><\/p>\n<p style=\"text-align: justify;\">Con la finalidad de que los ni\u00f1os realicen diversas actividades recreativas y puedan seguir aprendiendo durante este receso da inicio el curso de verano \u00abMis vacaciones en la biblioteca\u00bb, el cual se estar\u00e1 llevando a cabo en las diferentes bibliotecas de la ciudad.<\/p>\n<p style=\"text-align: justify;\">Estos talleres se impartir\u00e1n a partir de las 8:00 a 15:00 horas, los cuales son gratuitos para todo los ni\u00f1os, durante el arranque de esta actividad estuvo presente Francisco Javier Vel\u00e1zquez Vallejo, Presidente Municipal de Poza Rica quien dio un mensaje a los ni\u00f1os que asistieron a la biblioteca Francisco Lira Lara ubicada en el parque central Benito Ju\u00e1rez.<\/p>\n<p style=\"text-align: justify;\">Durante su mensaje el alcalde, coment\u00f3 que alrededor de 300 menores se les estar\u00e1n brindando el taller, el cual est\u00e1 financiando al 100 por ciento por el ayuntamiento, al igual felicit\u00f3 a las encargadas de la biblioteca por su compromiso y empe\u00f1o de seguir fomentando la lectura en los menores.<\/p>\n<p style=\"text-align: justify;\">Tambi\u00e9n record\u00f3 que la biblioteca ha sido remodelada esto con el fin de que los ni\u00f1os, padres de familia y maestros que acuden a ella puedan tener mejores comodidades y facilidades para aficionarse por la lectura.<\/p>\n<p style=\"text-align: justify;\">Por \u00faltimo realiz\u00f3 la invitaci\u00f3n a que los ni\u00f1os acudan a los talleres, pues el programa se realiz\u00f3 con la finalidad de que los ni\u00f1os tengan m\u00e1s actividades que puedan realizar y que les permitan seguir aprendiendo, pues el h\u00e1bito de la lectura les permitir\u00e1 seguir conociendo.<\/p>\n","protected":false},"excerpt":{"rendered":"<p>Visitas: 10Por: Pablo Espidio Con la finalidad de que los ni\u00f1os realicen diversas actividades recreativas y puedan seguir aprendiendo durante este receso da inicio el curso de verano \u00abMis vacaciones en la biblioteca\u00bb, el cual se estar\u00e1 llevando a cabo en las diferentes bibliotecas de la ciudad. Estos talleres se impartir\u00e1n a partir de las [&hellip;]<\/p>\n","protected":false},"author":4,"featured_media":166777,"comment_status":"open","ping_status":"open","sticky":false,"template":"","format":"standard","meta":{"footnotes":""},"categories":[299,213],"tags":[],"class_list":{"0":"post-166776","1":"post","2":"type-post","3":"status-publish","4":"format-standard","5":"has-post-thumbnail","7":"category-notas-locales","8":"category-poza-rica"},"nelio_content":{"isAutoShareEnabled":true,"autoShareEndMode":"never","automationSources":{"useCustomSentences":false,"customSentences":[]},"followers":[],"suggestedReferences":[],"efiUrl":"","efiAlt":"","highlights":[],"permalinkQueryArgs":[],"series":[]},"_links":{"self":[{"href":"https:\/\/www.enteratever.com\/2023\/wp-json\/wp\/v2\/posts\/166776","targetHints":{"allow":["GET"]}}],"collection":[{"href":"https:\/\/www.enteratever.com\/2023\/wp-json\/wp\/v2\/posts"}],"about":[{"href":"https:\/\/www.enteratever.com\/2023\/wp-json\/wp\/v2\/types\/post"}],"author":[{"embeddable":true,"href":"https:\/\/www.enteratever.com\/2023\/wp-json\/wp\/v2\/users\/4"}],"replies":[{"embeddable":true,"href":"https:\/\/www.enteratever.com\/2023\/wp-json\/wp\/v2\/comments?post=166776"}],"version-history":[{"count":0,"href":"https:\/\/www.enteratever.com\/2023\/wp-json\/wp\/v2\/posts\/166776\/revisions"}],"wp:featuredmedia":[{"embeddable":true,"href":"https:\/\/www.enteratever.com\/2023\/wp-json\/wp\/v2\/media\/166777"}],"wp:attachment":[{"href":"https:\/\/www.enteratever.com\/2023\/wp-json\/wp\/v2\/media?parent=166776"}],"wp:term":[{"taxonomy":"category","embeddable":true,"href":"https:\/\/www.enteratever.com\/2023\/wp-json\/wp\/v2\/categories?post=166776"},{"taxonomy":"post_tag","embeddable":true,"href":"https:\/\/www.enteratever.com\/2023\/wp-json\/wp\/v2\/tags?post=166776"}],"curies":[{"name":"wp","href":"https:\/\/api.w.org\/{rel}","templated":true}]}}