{"id":166744,"date":"2019-07-03T19:20:56","date_gmt":"2019-07-03T19:20:56","guid":{"rendered":"https:\/\/www.enteratever.com\/2023\/baja-demanda-puede-ocasionar-el-cierre-del-aeropuerto-tajin\/"},"modified":"2019-07-03T19:20:56","modified_gmt":"2019-07-03T19:20:56","slug":"baja-demanda-puede-ocasionar-el-cierre-del-aeropuerto-tajin","status":"publish","type":"post","link":"https:\/\/www.enteratever.com\/2023\/2019\/07\/03\/baja-demanda-puede-ocasionar-el-cierre-del-aeropuerto-tajin\/","title":{"rendered":"Baja demanda puede ocasionar el cierre del aeropuerto Taj\u00edn"},"content":{"rendered":"<p>Visitas: 7<\/p><p style=\"text-align: justify;\">En riesgo de cierre se encuentra el aeropuerto \u201cEl Taj\u00edn\u201d, solo realiza dos vuelos por d\u00eda, los altos costos y la recesi\u00f3n econ\u00f3mica ha generado que las aerol\u00edneas hayan dejado de volar, debido a que la principal demanda era realizada por los empresarios para viajes de negocios y por profesionistas del \u00e1rea petrolero.<\/p>\n<p style=\"text-align: justify;\">Edgar de Le\u00f3n Silva, Director de Turismo se\u00f1al\u00f3 que el cierre del aeropuerto no es una opci\u00f3n, enfatiz\u00f3 que se deben buscar las alianzas para fortalecer a la terminal que ante la crisis econ\u00f3mica en los \u00faltimos a\u00f1os solamente opera con una aerol\u00ednea.<\/p>\n<p style=\"text-align: justify;\">Mencion\u00f3 que como director de turismo ha sosteniendo reuniones con la empresa Aeropuertos y Servicios Auxiliares (ASA), el trabajo conjunto entre los empresarios y los prestadores de servicios locales deber\u00e1 ser determinante, lo que se busca es que el aeropuerto siga prestando el servicio de vuelos nacionales.<\/p>\n<p style=\"text-align: justify;\">Reconoci\u00f3 que habido una baja muy fuerte en el transporte a\u00e9reo derivado de la ca\u00edda del sector petrolero, misma que ha afectado la situaci\u00f3n econ\u00f3mica en Poza Rica y la regi\u00f3n, sin embargo, se tienen conocimiento de que se realizan dos vuelos diarios provenientes de la Ciudad de M\u00e9xico.<\/p>\n<p style=\"text-align: justify;\">A\u00f1adi\u00f3 que pese a la situaci\u00f3n adversa que se vive en el aeropuerto se ha buscado que durante periodos vacacionales y de temporadas altas como la del Festival Cumbre Taj\u00edn crear convenios para que se ofrezcan mejores tarifas.<\/p>\n<p style=\"text-align: justify;\">En cuanto a la rehabilitaci\u00f3n de la carretera federal de acceso al aeropuerto se\u00f1al\u00f3 que se han estado insistiendo, no solo Poza Rica sino tambi\u00e9n Tihuatl\u00e1n, a\u00f1adi\u00f3 que pr\u00f3ximamente se sostendr\u00e1 una reuni\u00f3n con la representantes de la Secretar\u00eda de Turismo del Estado a quien le realizar\u00e1n diversas peticiones una de ellas es la de la carretera.<\/p>\n<p style=\"text-align: justify;\">El aeropuerto de Poza Rica no es el \u00fanico que pasa por una etapa de crisis, algunas aerol\u00edneas comerciales han dejado de volar al menos cuatro aeropuertos operados por la paraestatal tales como: los aer\u00f3dromos de Nogales, Tehuac\u00e1n, Tamu\u00edn y Poza Rica.<\/p>\n","protected":false},"excerpt":{"rendered":"<p>Solo se realiza un vuelo diario<\/p>\n","protected":false},"author":6,"featured_media":166745,"comment_status":"open","ping_status":"open","sticky":false,"template":"","format":"standard","meta":{"footnotes":""},"categories":[213],"tags":[],"class_list":{"0":"post-166744","1":"post","2":"type-post","3":"status-publish","4":"format-standard","5":"has-post-thumbnail","7":"category-poza-rica"},"nelio_content":{"isAutoShareEnabled":true,"autoShareEndMode":"never","automationSources":{"useCustomSentences":false,"customSentences":[]},"followers":[],"suggestedReferences":[],"efiUrl":"","efiAlt":"","highlights":[],"permalinkQueryArgs":[],"series":[]},"_links":{"self":[{"href":"https:\/\/www.enteratever.com\/2023\/wp-json\/wp\/v2\/posts\/166744","targetHints":{"allow":["GET"]}}],"collection":[{"href":"https:\/\/www.enteratever.com\/2023\/wp-json\/wp\/v2\/posts"}],"about":[{"href":"https:\/\/www.enteratever.com\/2023\/wp-json\/wp\/v2\/types\/post"}],"author":[{"embeddable":true,"href":"https:\/\/www.enteratever.com\/2023\/wp-json\/wp\/v2\/users\/6"}],"replies":[{"embeddable":true,"href":"https:\/\/www.enteratever.com\/2023\/wp-json\/wp\/v2\/comments?post=166744"}],"version-history":[{"count":0,"href":"https:\/\/www.enteratever.com\/2023\/wp-json\/wp\/v2\/posts\/166744\/revisions"}],"wp:featuredmedia":[{"embeddable":true,"href":"https:\/\/www.enteratever.com\/2023\/wp-json\/wp\/v2\/media\/166745"}],"wp:attachment":[{"href":"https:\/\/www.enteratever.com\/2023\/wp-json\/wp\/v2\/media?parent=166744"}],"wp:term":[{"taxonomy":"category","embeddable":true,"href":"https:\/\/www.enteratever.com\/2023\/wp-json\/wp\/v2\/categories?post=166744"},{"taxonomy":"post_tag","embeddable":true,"href":"https:\/\/www.enteratever.com\/2023\/wp-json\/wp\/v2\/tags?post=166744"}],"curies":[{"name":"wp","href":"https:\/\/api.w.org\/{rel}","templated":true}]}}