{"id":166742,"date":"2019-07-03T16:07:40","date_gmt":"2019-07-03T16:07:40","guid":{"rendered":"https:\/\/www.enteratever.com\/2023\/discriminan-a-personas-con-discapacidad-dentro-del-consejo-municipal\/"},"modified":"2019-07-03T16:07:40","modified_gmt":"2019-07-03T16:07:40","slug":"discriminan-a-personas-con-discapacidad-dentro-del-consejo-municipal","status":"publish","type":"post","link":"https:\/\/www.enteratever.com\/2023\/2019\/07\/03\/discriminan-a-personas-con-discapacidad-dentro-del-consejo-municipal\/","title":{"rendered":"Discriminan a personas con discapacidad dentro del consejo municipal para personas con discapacidad en Poza Rica"},"content":{"rendered":"<p>Visitas: 4<\/p><p style=\"text-align: justify;\">Fueron presentadas las renuncias de dos de las integrantes del Consejo municipal para la integraci\u00f3n de personas con discapacidad en el Ayuntamiento de Poza Rica, una de ellas com discapacidad visual y la otra auditiva, sostuvieron que participaron en dicho consejo para fomentar la inclusi\u00f3n, sin embargo, result\u00f3 todo lo contrario pues dentro del mismo se les ha discriminado y fueron robados proyectos que fueron propuestos por ellas y no se les otorg\u00f3 el m\u00e1s m\u00ednimo cr\u00e9dito.<\/p>\n<p style=\"text-align: justify;\">A un a\u00f1o se haberse conformado dicho consejo las mujeres decidieron poner un alto a su participaci\u00f3n, Lorena Elizabeth Santiago Ochoa, quien es una persona con discapacidad auditiva y Margarita Karimy Cisneros Montoya quien presenta discapacidad visual, se encontraban participando pues fung\u00edan como representantes de estos sectores.<\/p>\n<p style=\"text-align: justify;\">Santiago Ochoa acus\u00f3 a las autoridades de permitir y fomentar la discriminaci\u00f3n, as\u00ed mismo lament\u00f3 que las autoridades abusen del poder con el que cuentan para presentar proyectos como propios, asegur\u00f3 fue ella quien present\u00f3 la propuesta de impartir un taller de lenguaje de se\u00f1as ante el consejo, realiz\u00f3 todas las gestiones pero no respetaron su autor\u00eda del proyecto, ni se le da dado el m\u00e1s m\u00ednimo reconocimiento.<\/p>\n<p style=\"text-align: justify;\">Mientras que Cisneros Montoya dijo que hace falta mucho por trabajar pues ella no palpa resultados, enfatiz\u00f3 que no hay inter\u00e9s por parte de las autoridades municipales por las personas con discapacidad; a\u00f1adi\u00f3 que nunca nadie podr\u00e1 entenderlos \u00abNadie va a saber lo que sufrimos m\u00e1s que el que lo vive, ni los propios padres, ni mi madre sabe lo que yo paso ni mi hijo podr\u00e1n entender por lo que nosotros pasamos al tener una discapacidad\u00bb, agreg\u00f3.<\/p>\n<p style=\"text-align: justify;\">Posterior a que se fueron presentadas las renuncias la directora del DIF, Mar\u00eda Magdalena Lara Fuerte exhort\u00f3 a ambas mujeres a reconsiderar su decisi\u00f3n ya que asegur\u00f3 que anteriormente no se contaba con este tipo de consejos y ahora que se tienen se busca avanzar en el tema de la inclusi\u00f3n, sin embargo, no descart\u00f3 los se\u00f1alamientos realizados solo el robo de proyectos.<\/p>\n<p style=\"text-align: justify;\">A esta solicitud de reconsiderar la petici\u00f3n tambi\u00e9n se sumaron el resto de los integrantes del consejo, por lo que las dos mujeres que presentaron su renuncia acordaron que van a meditar su decisi\u00f3n pero pidieron una reuni\u00f3n en donde se encuentran presentes medios de comunicaci\u00f3n y la regidor Gregoria Miguel Reyes.<\/p>\n<p style=\"text-align: justify;\">En este consejo Gloria Ivet Licona Mart\u00ednez, representante de la Fundaci\u00f3n Danitos tambi\u00e9n revel\u00f3 que le fue robado un proyecto mismo que fue modificado por la registrar\u00eda de salud, aunque no reclam\u00f3 que se le de el cr\u00e9dito dijo que por lo menos respeten su dise\u00f1o.<\/p>\n<p style=\"text-align: justify;\">En esta sesi\u00f3n del consejo tambi\u00e9n se realiz\u00f3 la aprobaci\u00f3n del reglamento para regular las acciones en relaci\u00f3n a la inclusi\u00f3n de personas con discapacidad. A la octava sesi\u00f3n acudieron Ciro Enrique L\u00f3pez Romero,\u00a0Coordinador del cepor UV;\u00a0Nelly Elizabeth Torres Hern\u00e1ndez,\u00a0Integrante del centro de atenci\u00f3n m\u00faltiple n\u00famero 21; Emilio Olvera, Delegado Regional de programas Federales de Poza Rica; Edgar de Le\u00f3n Silva, Director de Turismo y Emiliano Garc\u00eda de Le\u00f3n, Jefe de la jurisdicci\u00f3n sanitaria n\u00famero 3.<\/p>\n","protected":false},"excerpt":{"rendered":"<p>*Dos de las integrantes presentaron sus renuncian.<\/p>\n<p>*Acusaron el robo de proyectos.<\/p>\n","protected":false},"author":6,"featured_media":166743,"comment_status":"open","ping_status":"open","sticky":false,"template":"","format":"standard","meta":{"footnotes":""},"categories":[213],"tags":[],"class_list":{"0":"post-166742","1":"post","2":"type-post","3":"status-publish","4":"format-standard","5":"has-post-thumbnail","7":"category-poza-rica"},"nelio_content":{"isAutoShareEnabled":true,"autoShareEndMode":"never","automationSources":{"useCustomSentences":false,"customSentences":[]},"followers":[],"suggestedReferences":[],"efiUrl":"","efiAlt":"","highlights":[],"permalinkQueryArgs":[],"series":[]},"_links":{"self":[{"href":"https:\/\/www.enteratever.com\/2023\/wp-json\/wp\/v2\/posts\/166742","targetHints":{"allow":["GET"]}}],"collection":[{"href":"https:\/\/www.enteratever.com\/2023\/wp-json\/wp\/v2\/posts"}],"about":[{"href":"https:\/\/www.enteratever.com\/2023\/wp-json\/wp\/v2\/types\/post"}],"author":[{"embeddable":true,"href":"https:\/\/www.enteratever.com\/2023\/wp-json\/wp\/v2\/users\/6"}],"replies":[{"embeddable":true,"href":"https:\/\/www.enteratever.com\/2023\/wp-json\/wp\/v2\/comments?post=166742"}],"version-history":[{"count":0,"href":"https:\/\/www.enteratever.com\/2023\/wp-json\/wp\/v2\/posts\/166742\/revisions"}],"wp:featuredmedia":[{"embeddable":true,"href":"https:\/\/www.enteratever.com\/2023\/wp-json\/wp\/v2\/media\/166743"}],"wp:attachment":[{"href":"https:\/\/www.enteratever.com\/2023\/wp-json\/wp\/v2\/media?parent=166742"}],"wp:term":[{"taxonomy":"category","embeddable":true,"href":"https:\/\/www.enteratever.com\/2023\/wp-json\/wp\/v2\/categories?post=166742"},{"taxonomy":"post_tag","embeddable":true,"href":"https:\/\/www.enteratever.com\/2023\/wp-json\/wp\/v2\/tags?post=166742"}],"curies":[{"name":"wp","href":"https:\/\/api.w.org\/{rel}","templated":true}]}}