{"id":166730,"date":"2019-06-25T21:38:13","date_gmt":"2019-06-25T21:38:13","guid":{"rendered":"https:\/\/www.enteratever.com\/2023\/mas-de-10-mdp-se-invertiran-este-ano-en-el-programa-vive-bien-alcalde\/"},"modified":"2019-06-25T21:38:13","modified_gmt":"2019-06-25T21:38:13","slug":"mas-de-10-mdp-se-invertiran-este-ano-en-el-programa-vive-bien-alcalde","status":"publish","type":"post","link":"https:\/\/www.enteratever.com\/2023\/2019\/06\/25\/mas-de-10-mdp-se-invertiran-este-ano-en-el-programa-vive-bien-alcalde\/","title":{"rendered":"M\u00e1s de 10 MDP se invertir\u00e1n este a\u00f1o en el programa \u00abVive Bien\u00bb: alcalde"},"content":{"rendered":"<p>Visitas: 8<\/p><p style=\"text-align: justify;\">El alcalde Francisco Javier Vel\u00e1zquez Vallejo, manifest\u00f3 que la actual administraci\u00f3n de Poza Rica, es el primer gobierno municipal en destinar recursos propios por m\u00e1s de 10 millones de pesos para ayuda social, a trav\u00e9s del Programa Vive Bien, lo anterior al encabezar la Tercera entrega de apoyos alimentarios para mil 500 familias de sectores vulnerables, y en donde agradeci\u00f3 a los integrantes de su cuerpo de ediles, de quienes dijo han sido promotores de programas de beneficio de toda la poblaci\u00f3n.<\/p>\n<p style=\"text-align: justify;\">\u201cMe congratula saber que, en Poza Rica, estamos construyendo una sociedad m\u00e1s incluyente y justa a trav\u00e9s del trabajo colectivo en proyectos que beneficien a la poblaci\u00f3n m\u00e1s vulnerable, hoy en d\u00eda a trav\u00e9s de los diversos apoyos del programa Vive Bien, hemos beneficiado a m\u00e1s de 7 mil 900 personas y tenemos como objetivo llegar a 15 mil beneficiarios en \u00e9ste 2019\u201d, se\u00f1al\u00f3 la autoridad municipal.<\/p>\n<p style=\"text-align: justify;\">Por su parte la Presidenta del Sistema Municipal para el Desarrollo Integral de la Familia (DIF) Mar\u00eda de la Luz Straffon de Vel\u00e1zquez, estableci\u00f3 que con acciones como esta, el gobierno municipal, seguir\u00e1 brindando su m\u00e1s amplio respaldo a todos los sectores y habitantes de Poza Rica. \u201cComo instituci\u00f3n es un gran honor poder contribuir a mejorar de manera significativa las condiciones de vida de quienes m\u00e1s lo necesitan\u201d, subray\u00f3, y agreg\u00f3 que la administraci\u00f3n de Poza Rica est\u00e1 comprometida en abatir los \u00edndices de marginaci\u00f3n y pobreza alimentaria en los que todav\u00eda, existe una asignatura pendiente.<\/p>\n<p style=\"text-align: justify;\">A nombre de los beneficiarios de estos mil 500 apoyos alimentarios, el ciudadano Leopoldo Rojas Hern\u00e1ndez, agradeci\u00f3 el respaldo de parte de las autoridades y dijo que son \u201cde gran ayuda para las familias, por lo que reconocemos la gran<\/p>\n<p style=\"text-align: justify;\">labor del gobierno de Poza Rica, por el beneficio, por el esfuerzo para transformar la realidad de nuestra ciudad, y esperamos seguir viendo m\u00e1s cambios\u201d, se\u00f1al\u00f3.<\/p>\n<p style=\"text-align: justify;\">Celebr\u00f3 tambi\u00e9n la contribuci\u00f3n brindada por parte del Sistema Municipal para el Desarrollo Integral de la Familia (DIF) presidido por Mar\u00eda de la Luz Straffon de Vel\u00e1zquez, y a la Direcci\u00f3n de Participaci\u00f3n Ciudadana, por la labor de identificar a las familias beneficiadas con las despensas entregadas este martes, as\u00ed como a la Direcci\u00f3n de Desarrollo Social y Humano.<\/p>\n<p>https:\/\/www.facebook.com\/Enteratevercom\/videos\/359368401328236\/?__xts__%5B0%5D=68.ARBxxHgJy5Cbx0FfXHwqrbY_mqsOIndiwzzoocIbhcBEjS9SqztKqZSDFOeylMbu73h2DssLSe_boCWLEj7y0fSxcO0vok-pr7JLcuMh_LgEsBX2KfoASrW5LGT1QG4AL0_zgIYM48gywkm97_9fhjMWNLa5QqMRNWAehipQDlA4Lr-iXyKxcWcp6UrVVKke3EkrhGderlh4c_1nf9HgYAj9NTO2G10pQogq-fjuIc7U8HdxxTgM0IymEPyDwCNmY29mNx_SMQP5JGhRDOkwY2X-3FvAZ6hO9qJ3vfPDfe_fzRHhIm_MjzKtFgwU0t1mUV0qyvx4nZ9NKyW62ehcz7xqY8jaK-IO&#038;__tn__=-R<\/p>\n","protected":false},"excerpt":{"rendered":"<p>Visitas: 8El alcalde Francisco Javier Vel\u00e1zquez Vallejo, manifest\u00f3 que la actual administraci\u00f3n de Poza Rica, es el primer gobierno municipal en destinar recursos propios por m\u00e1s de 10 millones de pesos para ayuda social, a trav\u00e9s del Programa Vive Bien, lo anterior al encabezar la Tercera entrega de apoyos alimentarios para mil 500 familias de [&hellip;]<\/p>\n","protected":false},"author":6,"featured_media":166731,"comment_status":"open","ping_status":"open","sticky":false,"template":"","format":"standard","meta":{"footnotes":""},"categories":[213],"tags":[],"class_list":{"0":"post-166730","1":"post","2":"type-post","3":"status-publish","4":"format-standard","5":"has-post-thumbnail","7":"category-poza-rica"},"nelio_content":{"isAutoShareEnabled":true,"autoShareEndMode":"never","automationSources":{"useCustomSentences":false,"customSentences":[]},"followers":[],"suggestedReferences":[],"efiUrl":"","efiAlt":"","highlights":[],"permalinkQueryArgs":[],"series":[]},"_links":{"self":[{"href":"https:\/\/www.enteratever.com\/2023\/wp-json\/wp\/v2\/posts\/166730","targetHints":{"allow":["GET"]}}],"collection":[{"href":"https:\/\/www.enteratever.com\/2023\/wp-json\/wp\/v2\/posts"}],"about":[{"href":"https:\/\/www.enteratever.com\/2023\/wp-json\/wp\/v2\/types\/post"}],"author":[{"embeddable":true,"href":"https:\/\/www.enteratever.com\/2023\/wp-json\/wp\/v2\/users\/6"}],"replies":[{"embeddable":true,"href":"https:\/\/www.enteratever.com\/2023\/wp-json\/wp\/v2\/comments?post=166730"}],"version-history":[{"count":0,"href":"https:\/\/www.enteratever.com\/2023\/wp-json\/wp\/v2\/posts\/166730\/revisions"}],"wp:featuredmedia":[{"embeddable":true,"href":"https:\/\/www.enteratever.com\/2023\/wp-json\/wp\/v2\/media\/166731"}],"wp:attachment":[{"href":"https:\/\/www.enteratever.com\/2023\/wp-json\/wp\/v2\/media?parent=166730"}],"wp:term":[{"taxonomy":"category","embeddable":true,"href":"https:\/\/www.enteratever.com\/2023\/wp-json\/wp\/v2\/categories?post=166730"},{"taxonomy":"post_tag","embeddable":true,"href":"https:\/\/www.enteratever.com\/2023\/wp-json\/wp\/v2\/tags?post=166730"}],"curies":[{"name":"wp","href":"https:\/\/api.w.org\/{rel}","templated":true}]}}