{"id":166704,"date":"2019-06-11T17:25:00","date_gmt":"2019-06-11T17:25:00","guid":{"rendered":"https:\/\/www.enteratever.com\/2023\/entrega-de-equipamiento-y-armamento-a-policia-municipal-de-poza-rica\/"},"modified":"2019-06-11T17:25:00","modified_gmt":"2019-06-11T17:25:00","slug":"entrega-de-equipamiento-y-armamento-a-policia-municipal-de-poza-rica","status":"publish","type":"post","link":"https:\/\/www.enteratever.com\/2023\/2019\/06\/11\/entrega-de-equipamiento-y-armamento-a-policia-municipal-de-poza-rica\/","title":{"rendered":"\u200bEntregan equipamiento y armamento a polic\u00eda municipal de Poza Rica"},"content":{"rendered":"<p>Visitas: 14<\/p><p style=\"text-align: justify;\">Entregan equipamiento y armamento a polic\u00eda municipal de Poza Rica, despu\u00e9s de un tr\u00e1mite largo se pudo dotar a los elementos de este material, se les est\u00e1 pidiendo que las usen responsablemente \u00abcualquier conducta que se salga de los par\u00e1metros que est\u00e1n marcados en el reglamento ser\u00e1 sancionada\u00bb afirm\u00f3 Francisco Javier Vel\u00e1zquez Vallejo, Presidente Municipal.<br \/>\nLa polic\u00eda actualmente est\u00e1 integrada por 45 elementos, cuenta con 5 patrullas adquiridas y 1 restaurada de la polic\u00eda estatal adem\u00e1s de motocicletas; se est\u00e1 en espera de la autorizaci\u00f3n de la aplicaci\u00f3n de los ex\u00e1menes de control y confianza para 40 elementos m\u00e1s. A\u00f1adi\u00f3 que para Poza Rica se requieren 400 elementos y sus funciones son preventivas y de faltas administrativas.<\/p>\n<p style=\"text-align: justify;\">La inversi\u00f3n que se ha hecho hasta este momento del recurso de Subsidio para el Fortalecimiento del desempe\u00f1o en materia de Seguridad P\u00fablica (FORTASEG) de este a\u00f1o, ha sido solamente para cursos y programas de difusi\u00f3n, todav\u00eda no se ha invertido en equipamiento, pero los lineamientos de este subsidio son muy estrictos y las compras que se hagan deben hacerse espec\u00edficas.<\/p>\n<p style=\"text-align: justify;\">\u00abDespu\u00e9s de un tr\u00e1mite realmente largo pudimos llegar a este objetivo de dotar de armas a nuestra polic\u00eda municipal, la recomendaci\u00f3n que le estamos haciendo a todos los elementos es que las usen responsablemente, el armamento debe ser un elemento necesario para que ellos act\u00faen de una manera segura, confiada, pero nada m\u00e1s hasta ah\u00ed, no deben de usarlo de manera irresponsable esa es la recomendaci\u00f3n\u00bb, dijo.<\/p>\n<p style=\"text-align: justify;\">En cuanto al presupuesto para seguridad para este 2019, el FORTASEG otorga aproximadamente 12 millones de pesos, m\u00e1s lo que aporta el ayuntamiento del Subsidio para la Seguridad en los Municipios (SUBSEMUN) que son entre 20 y 30 millones de pesos m\u00e1s recursos que ser\u00e1 utilizado para el pago de salarios que es lo que representa m\u00e1s gasto.<\/p>\n<p style=\"text-align: justify;\">Destac\u00f3 que el equipamiento y las patrullas entregadas este martes 11 de junio se adquirieron con el recurso del a\u00f1o pasado del FORTASEG, durante este segundo semestre del a\u00f1o se espera que llegue m\u00e1s equipo para la seguridad, entre ellas: patrullas, motos y un sed\u00e1n que es para atenciones \u00abr\u00e1pidas\u00bb.<\/p>\n<p style=\"text-align: justify;\">\u00abEstamos seguros que al inicio de operaciones de la corporaci\u00f3n y en coordinaci\u00f3n de las estructuras policiales estatales y federales dar\u00e1n un resultado inmediato para beneficio de la poblaci\u00f3n\u00bb, asegur\u00f3.<\/p>\n<p style=\"text-align: justify;\">A\u00f1adi\u00f3 que en cuando al elemento que formaba parte de su seguridad particular y que ahora forma parte de la corporaci\u00f3n enfatiz\u00f3 que realiz\u00f3 los ex\u00e1menes al igual que todo los elementos \u00abaqu\u00ed no hay recomendados, pas\u00f3 por todo el proceso f\u00edsico-atl\u00e9tico, psicol\u00f3gico y el de control y confianza\u00bb.<\/p>\n<p style=\"text-align: justify;\">Para concluir, enfatiz\u00f3 que a partir de este martes inician los recorridos por las diferentes calles de la ciudad, se atender\u00e1 de amanera prioritaria la zona centro que es donde m\u00e1s conflictos se tienen como: carteristas y secuestros express, conforme se tengan m\u00e1s elementos se ampliar\u00e1 el rango de acci\u00f3n.<\/p>\n<p style=\"text-align: justify;\">\u00abL\u00f3gicamente esto es una parte de la seguridad, la otra parte est\u00e1 en manos de la polic\u00eda estatal que tambi\u00e9n coordinandonos con ellos se va a poder atender a la ciudadan\u00eda, la polic\u00eda estatal seguir\u00e1 cumpliendo con sus funciones y esto es un complemento [&#8230;] la polic\u00eda municipal es preventiva igual que la polic\u00eda estatal, \u00fanicamente cuando en flagrancia se suscite un delito tendr\u00e1n que detenerlo son el primer respondiente\u00bb.<\/p>\n<p>https:\/\/www.facebook.com\/Enteratevercom\/videos\/473897930050103\/?__xts__%5B0%5D=68.ARDWCaSa7vevF-QMwfUq_IlV9algJ4X08Wf45v-hnAzLKHmwgy1t-Ucn-so2fdONpnT8uGMuaMlrDgsjSUAoJlNZCTI63ZrUNKTvsoE963g_D5fWm8zao6BScKy1RwzQlN5oSs0jCo5Q1Zp01ObU_WFXbPFdIkIl5rQAf5rYsov9Ll4ErCzLjmYcyqNCNip_KdsjxAGlUKB4Qht1gjI3lFP5wWPHus1DzVkrAFBVk1n8k7QvK21oJTrLytQlVxT0xRDtRe-byKxBg9hYVetyfxbF1Qm32MzuSswvzgj16fIA8UxTpDAEoDhsdAfbhWYea31X6nk_wUMq9w4eG7qGWJBro__6DY1I&#038;__tn__=-R<\/p>\n<p>&nbsp;<\/p>\n<p>https:\/\/www.facebook.com\/Enteratevercom\/videos\/319698475632574\/?__xts__%5B0%5D=68.ARBl2WYXYWpe0QYl0yMlXS8CAvpFY-O8v7DX3CbWZC_VHr_Rfw_YUUKjHukwJ5pMWRu1gt_y4EgjuIrhov_Gd1wsaXthPe1KZL1tVKtwUCIP9bTR7w25VLJEH6FH9z7si5tU5VyY_aDhAAKGQ4-BEyVD0sIzpw9r21qmrvznADqrp-5FUM6pNbLJublzkZGDqy0xwvDspEBdwX_kcl1qBf-FYWb5nVwF_cQWYmuUNMnlve8rLELaH6viYUila5qfPtdzh28K3WLKRypdP9iWyotjNr9eePD6cdvkicLzg5-F_PmQDEV03Y4G8h0lABcX5eHm5-z6GM3eRHiaTaqG6PzflP7BBZKg&#038;__tn__=-R<\/p>\n","protected":false},"excerpt":{"rendered":"<p>Polic\u00eda Municipal dar\u00e1 resultados inmediatos<\/p>\n","protected":false},"author":6,"featured_media":166705,"comment_status":"open","ping_status":"open","sticky":false,"template":"","format":"standard","meta":{"footnotes":""},"categories":[213],"tags":[],"class_list":{"0":"post-166704","1":"post","2":"type-post","3":"status-publish","4":"format-standard","5":"has-post-thumbnail","7":"category-poza-rica"},"nelio_content":{"isAutoShareEnabled":true,"autoShareEndMode":"never","automationSources":{"useCustomSentences":false,"customSentences":[]},"followers":[],"suggestedReferences":[],"efiUrl":"","efiAlt":"","highlights":[],"permalinkQueryArgs":[],"series":[]},"_links":{"self":[{"href":"https:\/\/www.enteratever.com\/2023\/wp-json\/wp\/v2\/posts\/166704","targetHints":{"allow":["GET"]}}],"collection":[{"href":"https:\/\/www.enteratever.com\/2023\/wp-json\/wp\/v2\/posts"}],"about":[{"href":"https:\/\/www.enteratever.com\/2023\/wp-json\/wp\/v2\/types\/post"}],"author":[{"embeddable":true,"href":"https:\/\/www.enteratever.com\/2023\/wp-json\/wp\/v2\/users\/6"}],"replies":[{"embeddable":true,"href":"https:\/\/www.enteratever.com\/2023\/wp-json\/wp\/v2\/comments?post=166704"}],"version-history":[{"count":0,"href":"https:\/\/www.enteratever.com\/2023\/wp-json\/wp\/v2\/posts\/166704\/revisions"}],"wp:featuredmedia":[{"embeddable":true,"href":"https:\/\/www.enteratever.com\/2023\/wp-json\/wp\/v2\/media\/166705"}],"wp:attachment":[{"href":"https:\/\/www.enteratever.com\/2023\/wp-json\/wp\/v2\/media?parent=166704"}],"wp:term":[{"taxonomy":"category","embeddable":true,"href":"https:\/\/www.enteratever.com\/2023\/wp-json\/wp\/v2\/categories?post=166704"},{"taxonomy":"post_tag","embeddable":true,"href":"https:\/\/www.enteratever.com\/2023\/wp-json\/wp\/v2\/tags?post=166704"}],"curies":[{"name":"wp","href":"https:\/\/api.w.org\/{rel}","templated":true}]}}