{"id":166696,"date":"2019-06-03T22:00:13","date_gmt":"2019-06-03T22:00:13","guid":{"rendered":"https:\/\/www.enteratever.com\/2023\/escuela-jean-piaget-en-poza-rica-fomenta-discriminacion-a-la-comunidad-lgbttiq\/"},"modified":"2019-06-03T22:00:13","modified_gmt":"2019-06-03T22:00:13","slug":"escuela-jean-piaget-en-poza-rica-fomenta-discriminacion-a-la-comunidad-lgbttiq","status":"publish","type":"post","link":"https:\/\/www.enteratever.com\/2023\/2019\/06\/03\/escuela-jean-piaget-en-poza-rica-fomenta-discriminacion-a-la-comunidad-lgbttiq\/","title":{"rendered":"\u200bEscuela Jean Piaget en Poza Rica, fomenta discriminaci\u00f3n a la comunidad LGBTTIQ"},"content":{"rendered":"<p>Visitas: 32<\/p><p style=\"text-align: justify;\">El Centro Educativo Jean Piaget de Poza Rica fomentas las pr\u00e1cticas discriminatorias en contra de la comunidad LGBTTIQ, esto a trav\u00e9s de una pl\u00e1tica que se realizar\u00e1 el pr\u00f3ximo s\u00e1bado 15 de junio a las 11:00 horas en sus instalaciones.<\/p>\n<p style=\"text-align: justify;\">Con un post en Facebook la escuela a trav\u00e9s de su cuenta oficial, realiz\u00f3 la invitaci\u00f3n a todos sus seguidores en redes sociales para que acudieran a la conferencia denominada \u00abprimera capacitaci\u00f3n de padres objetores de conciencia\u00bb, en la imagen se observan a una familia de padre, madre e hijo como se protegen con una sombrilla de la comunidad LGBTTIQ, esto acompa\u00f1ado por la leyenda \u00ab\u00a1Protege a tu familia!\u00bb y \u00abDile \u00a1NO! a la ideolog\u00eda de g\u00e9nero\u00bb.<\/p>\n<p style=\"text-align: justify;\">As\u00ed mismo se observa otra imagen en las que se puede ver como la comunidad LGBTTIQ, representa una amenaza para los heterosexuales, quienes salen huyendo. El cartel gener\u00f3 de manera inmediata comentarios negativos hacia la instituci\u00f3n educativa, en estos se les se\u00f1ala como una verg\u00fcenza y tambi\u00e9n caritas de enojo.<\/p>\n<p style=\"text-align: justify;\">Uno de los m\u00e1s vistos y que destaca es el de Carlos Rubido quien escribi\u00f3:\u00bbEs una verg\u00fcenza que una instituci\u00f3n fomente la desigualdad entre la comunidad estudiantil&#8230; gran porcentaje de los suicidios cometidos dentro de la comunidad LGBTTIQ Es por este tipo de situaciones tal ves no compartamos la misma idea o mismo pensamiento pero algo que siempre dec\u00edan y la directora seg\u00fan se conduc\u00eda era con el RESPETO &#8230; y ahora donde est\u00e1 ese RESPERTO&#8230;!!!!\u00bb.<\/p>\n<p style=\"text-align: justify;\">El usuario Litzel Rom&#8217;Mad escribi\u00f3 \u00abEs una verg\u00fcenza que una instituci\u00f3n educativa fomente pr\u00e1cticas discriminatorias. La educaci\u00f3n sexual y el respeto a todas las personas deber\u00eda ser un valor universal. Fomentar la discriminaci\u00f3n no solo afecta a los estudiantes sino que es ilegal. Est\u00e1 en nuestra constituci\u00f3n\u00bb.<\/p>\n<p style=\"text-align: justify;\">Aunque tambi\u00e9n se dieron algunos comentarios a favor, la gran mayor\u00eda de los usuarios coincidi\u00f3 en que la diversidad de g\u00e9nero no es una amenaza a las familias, por el contrario, aseguraron que la amenaza es que las personas no se acepten tal cual son.<\/p>\n<p style=\"text-align: justify;\">La publicaci\u00f3n que tambi\u00e9n estaba acompa\u00f1ada por logotipo del Frente Nacional por la Familia, gener\u00f3 un gran enojo de los usuarios de esta red social y un gran n\u00famero de comentarios en la publicaci\u00f3n original, por lo que la instituci\u00f3n no tuvo otra opci\u00f3n m\u00e1s que eliminar.<\/p>\n<p style=\"text-align: justify;\">Se desconoce si el evento se realizar\u00e1 tal como se ten\u00eda programado o si este fue cancelado o reprogramado. La instituci\u00f3n tampoco ha publicado alguna disculpa p\u00fablica o reconocido que fue un error fomentar la discriminaci\u00f3n.<\/p>\n","protected":false},"excerpt":{"rendered":"<p>Visitas: 32El Centro Educativo Jean Piaget de Poza Rica fomentas las pr\u00e1cticas discriminatorias en contra de la comunidad LGBTTIQ, esto a trav\u00e9s de una pl\u00e1tica que se realizar\u00e1 el pr\u00f3ximo s\u00e1bado 15 de junio a las 11:00 horas en sus instalaciones. Con un post en Facebook la escuela a trav\u00e9s de su cuenta oficial, realiz\u00f3 [&hellip;]<\/p>\n","protected":false},"author":6,"featured_media":166697,"comment_status":"open","ping_status":"open","sticky":false,"template":"","format":"standard","meta":{"footnotes":""},"categories":[213],"tags":[],"class_list":{"0":"post-166696","1":"post","2":"type-post","3":"status-publish","4":"format-standard","5":"has-post-thumbnail","7":"category-poza-rica"},"nelio_content":{"isAutoShareEnabled":true,"autoShareEndMode":"never","automationSources":{"useCustomSentences":false,"customSentences":[]},"followers":[],"suggestedReferences":[],"efiUrl":"","efiAlt":"","highlights":[],"permalinkQueryArgs":[],"series":[]},"_links":{"self":[{"href":"https:\/\/www.enteratever.com\/2023\/wp-json\/wp\/v2\/posts\/166696","targetHints":{"allow":["GET"]}}],"collection":[{"href":"https:\/\/www.enteratever.com\/2023\/wp-json\/wp\/v2\/posts"}],"about":[{"href":"https:\/\/www.enteratever.com\/2023\/wp-json\/wp\/v2\/types\/post"}],"author":[{"embeddable":true,"href":"https:\/\/www.enteratever.com\/2023\/wp-json\/wp\/v2\/users\/6"}],"replies":[{"embeddable":true,"href":"https:\/\/www.enteratever.com\/2023\/wp-json\/wp\/v2\/comments?post=166696"}],"version-history":[{"count":0,"href":"https:\/\/www.enteratever.com\/2023\/wp-json\/wp\/v2\/posts\/166696\/revisions"}],"wp:featuredmedia":[{"embeddable":true,"href":"https:\/\/www.enteratever.com\/2023\/wp-json\/wp\/v2\/media\/166697"}],"wp:attachment":[{"href":"https:\/\/www.enteratever.com\/2023\/wp-json\/wp\/v2\/media?parent=166696"}],"wp:term":[{"taxonomy":"category","embeddable":true,"href":"https:\/\/www.enteratever.com\/2023\/wp-json\/wp\/v2\/categories?post=166696"},{"taxonomy":"post_tag","embeddable":true,"href":"https:\/\/www.enteratever.com\/2023\/wp-json\/wp\/v2\/tags?post=166696"}],"curies":[{"name":"wp","href":"https:\/\/api.w.org\/{rel}","templated":true}]}}