{"id":166684,"date":"2019-05-29T16:05:30","date_gmt":"2019-05-29T16:05:30","guid":{"rendered":"https:\/\/www.enteratever.com\/2023\/inseguridad-no-es-un-tema-exclusivo-de-poza-rica-alcalde\/"},"modified":"2019-05-29T16:05:30","modified_gmt":"2019-05-29T16:05:30","slug":"inseguridad-no-es-un-tema-exclusivo-de-poza-rica-alcalde","status":"publish","type":"post","link":"https:\/\/www.enteratever.com\/2023\/2019\/05\/29\/inseguridad-no-es-un-tema-exclusivo-de-poza-rica-alcalde\/","title":{"rendered":"Municipio combate inseguridad con platicas e iluminaci\u00f3n: FJVV"},"content":{"rendered":"<p>Visitas: 2<\/p><p style=\"text-align: justify;\">Municipio solo tienen la obligaci\u00f3n de realizar acciones preventivas, los delitos federales no son de su competencia, tampoco tiene funciones como investigadores y los 42 polic\u00edas municipales con los que cuanta el municipio siguen sin armas, afirm\u00f3 Francisco Javier Vel\u00e1zquez Vallejo, alcalde de Poza Rica.<\/p>\n<p style=\"text-align: justify;\">Lo anterior, luego de lo ocurrido en la calle 20 de noviembre en donde se suscit\u00f3 una balacera alrededor de 23:00 horas este martes, en donde unos sujetos sin identificar realizaron unas detonaciones, de acuerdo a la informaci\u00f3n intentaba privar de su libertad a un deportista quien pudo huir del lugar.<\/p>\n<p style=\"text-align: justify;\">\u201cEn cuanto al tema de seguridad en delitos federales lo tiene que atender las instancias correspondientes, nosotros como municipio tenemos la obligaci\u00f3n de ser preventivos, no tenemos la funci\u00f3n de ser investigadores de estos hechos\u201d dijo.<\/p>\n<p style=\"text-align: justify;\">En entrevista, asegur\u00f3 que en este momento lo \u00fanico que pueden realizar son: cursos, iluminaci\u00f3n de calles y pl\u00e1ticas en las escuelas. Reiter\u00f3 como autoridades municipales no tienen la facultad de investigar en casos como: portaciones de arma de uso exclusivo del ej\u00e9rcito es la fiscal\u00eda la que debe investigar. \u201cL\u00f3gicamente que nos preocupa ahorita nuestra polic\u00eda municipal, sin armas no podemos hacer m\u00e1s all\u00e1\u201d, agreg\u00f3.<\/p>\n<p style=\"text-align: justify;\">Respecto a la llegada de m\u00e1s elementos, asegur\u00f3 que est\u00e1 pendiente la llegada de la guardia nacional a Poza Rica, no existe una fecha exacta, pero esto vendr\u00e1 a coadyuvar y a mitigar los incidentes.<\/p>\n<p style=\"text-align: justify;\">Afirm\u00f3 que afortunadamente fue un incidente, en otros lados, ustedes est\u00e1n viendo en el peri\u00f3dico en las noticias como est\u00e1 desatada la violencia en otros estados, \u201cAqu\u00ed en Poza Rica es el primer incidente que se presenta dentro de este a\u00f1o, esperemos que no se vuelva a repetir\u201d.<\/p>\n<p style=\"text-align: justify;\">En cuanto a los secuestros dijo desconocer la estad\u00edstica en cuanto a estos hechos, en las reuniones de seguridad no se han reportado estos casos. Por otro lado, tambi\u00e9n dio a conocer que ya existe un terreno para instalar la Guardia Nacional, la Secretar\u00eda de la Defensa Nacional (SEDENA) ya tiene conocimiento para iniciar los tr\u00e1mites para la donaci\u00f3n y construcci\u00f3n del cuartel.<\/p>\n<p style=\"text-align: justify;\">De acuerdo con el 115 constitucional, los municipios tienen a su cargo funciones y servicios p\u00fablicos como: agua potable, drenaje, alcantarillado, tratamiento y disposici\u00f3n de sus aguas residuales; alumbrado p\u00fablico; limpia, recolecci\u00f3n, traslado, tratamiento y disposici\u00f3n final de residuos; mercados y centrales de abasto; panteones, rastro, calles, parques y jardines y su equipamiento y seguridad p\u00fablica, en los t\u00e9rminos del art\u00edculo 21 de esta Constituci\u00f3n, polic\u00eda preventiva municipal y tr\u00e1nsito.<\/p>\n<p style=\"text-align: justify;\">El 21 constitucional por su parte se\u00f1ala lo siguiente: \u201cLa seguridad p\u00fablica es una funci\u00f3n del Estado a cargo de la Federaci\u00f3n, las entidades federativas y los Municipios, cuyos fines son salvaguardar la vida, las libertades, la integridad y el patrimonio de las personas, as\u00ed como contribuir a la generaci\u00f3n y preservaci\u00f3n del orden p\u00fablico y la paz social, de conformidad con lo previsto en esta Constituci\u00f3n y las leyes en la materia\u201d [SIC].<\/p>\n","protected":false},"excerpt":{"rendered":"<p>Polic\u00edas no tienen armas.<\/p>\n","protected":false},"author":6,"featured_media":166685,"comment_status":"open","ping_status":"open","sticky":false,"template":"","format":"standard","meta":{"footnotes":""},"categories":[213],"tags":[],"class_list":{"0":"post-166684","1":"post","2":"type-post","3":"status-publish","4":"format-standard","5":"has-post-thumbnail","7":"category-poza-rica"},"nelio_content":{"isAutoShareEnabled":true,"autoShareEndMode":"never","automationSources":{"useCustomSentences":false,"customSentences":[]},"followers":[],"suggestedReferences":[],"efiUrl":"","efiAlt":"","highlights":[],"permalinkQueryArgs":[],"series":[]},"_links":{"self":[{"href":"https:\/\/www.enteratever.com\/2023\/wp-json\/wp\/v2\/posts\/166684","targetHints":{"allow":["GET"]}}],"collection":[{"href":"https:\/\/www.enteratever.com\/2023\/wp-json\/wp\/v2\/posts"}],"about":[{"href":"https:\/\/www.enteratever.com\/2023\/wp-json\/wp\/v2\/types\/post"}],"author":[{"embeddable":true,"href":"https:\/\/www.enteratever.com\/2023\/wp-json\/wp\/v2\/users\/6"}],"replies":[{"embeddable":true,"href":"https:\/\/www.enteratever.com\/2023\/wp-json\/wp\/v2\/comments?post=166684"}],"version-history":[{"count":0,"href":"https:\/\/www.enteratever.com\/2023\/wp-json\/wp\/v2\/posts\/166684\/revisions"}],"wp:featuredmedia":[{"embeddable":true,"href":"https:\/\/www.enteratever.com\/2023\/wp-json\/wp\/v2\/media\/166685"}],"wp:attachment":[{"href":"https:\/\/www.enteratever.com\/2023\/wp-json\/wp\/v2\/media?parent=166684"}],"wp:term":[{"taxonomy":"category","embeddable":true,"href":"https:\/\/www.enteratever.com\/2023\/wp-json\/wp\/v2\/categories?post=166684"},{"taxonomy":"post_tag","embeddable":true,"href":"https:\/\/www.enteratever.com\/2023\/wp-json\/wp\/v2\/tags?post=166684"}],"curies":[{"name":"wp","href":"https:\/\/api.w.org\/{rel}","templated":true}]}}