{"id":166666,"date":"2019-05-21T22:31:16","date_gmt":"2019-05-21T22:31:16","guid":{"rendered":"https:\/\/www.enteratever.com\/2023\/poza-rica-se-prepara-para-la-temporada-de-estiaje\/"},"modified":"2019-05-21T22:31:16","modified_gmt":"2019-05-21T22:31:16","slug":"poza-rica-se-prepara-para-la-temporada-de-estiaje","status":"publish","type":"post","link":"https:\/\/www.enteratever.com\/2023\/2019\/05\/21\/poza-rica-se-prepara-para-la-temporada-de-estiaje\/","title":{"rendered":"Poza Rica se prepara para la temporada de estiaje"},"content":{"rendered":"<p>Visitas: 3<\/p><p style=\"text-align: justify;\">Ante la declaratoria de emergencia por sequ\u00eda en Veracruz que solicit\u00f3 el gobernador del Estado Cuitl\u00e1huac Garc\u00eda a la Comisi\u00f3n Nacional del Agua(Conagua), Poza Rica toma precauciones en este tema aunque no fue incluido en la lista, Francisco Javier Vel\u00e1zquez vallejo, Presidente municipal de Poza Rica habl\u00f3 sobre el tema.<\/p>\n<p style=\"text-align: justify;\">Destac\u00f3 que est\u00e1n trabajando de manera coordinada con la Comisi\u00f3n de Agua del Estado de Veracruz (CAEV) para dar el apoyo a la poblaci\u00f3n que lo requiera esto mediante pipas de agua.<\/p>\n<p>Enfatiz\u00f3 que la entrega de tinacos que realizaron a 300 familias de la ciudad ser\u00e1 de gran ayuda debido a que podr\u00e1n almacenar el l\u00edquido, sobre todo en las partes m\u00e1s altas de la ciudad.<\/p>\n","protected":false},"excerpt":{"rendered":"<p>Visitas: 3Ante la declaratoria de emergencia por sequ\u00eda en Veracruz que solicit\u00f3 el gobernador del Estado Cuitl\u00e1huac Garc\u00eda a la Comisi\u00f3n Nacional del Agua(Conagua), Poza Rica toma precauciones en este tema aunque no fue incluido en la lista, Francisco Javier Vel\u00e1zquez vallejo, Presidente municipal de Poza Rica habl\u00f3 sobre el tema. Destac\u00f3 que est\u00e1n trabajando [&hellip;]<\/p>\n","protected":false},"author":6,"featured_media":166667,"comment_status":"open","ping_status":"open","sticky":false,"template":"","format":"standard","meta":{"footnotes":""},"categories":[213],"tags":[],"class_list":{"0":"post-166666","1":"post","2":"type-post","3":"status-publish","4":"format-standard","5":"has-post-thumbnail","7":"category-poza-rica"},"nelio_content":{"isAutoShareEnabled":true,"autoShareEndMode":"never","automationSources":{"useCustomSentences":false,"customSentences":[]},"followers":[],"suggestedReferences":[],"efiUrl":"","efiAlt":"","highlights":[],"permalinkQueryArgs":[],"series":[]},"_links":{"self":[{"href":"https:\/\/www.enteratever.com\/2023\/wp-json\/wp\/v2\/posts\/166666","targetHints":{"allow":["GET"]}}],"collection":[{"href":"https:\/\/www.enteratever.com\/2023\/wp-json\/wp\/v2\/posts"}],"about":[{"href":"https:\/\/www.enteratever.com\/2023\/wp-json\/wp\/v2\/types\/post"}],"author":[{"embeddable":true,"href":"https:\/\/www.enteratever.com\/2023\/wp-json\/wp\/v2\/users\/6"}],"replies":[{"embeddable":true,"href":"https:\/\/www.enteratever.com\/2023\/wp-json\/wp\/v2\/comments?post=166666"}],"version-history":[{"count":0,"href":"https:\/\/www.enteratever.com\/2023\/wp-json\/wp\/v2\/posts\/166666\/revisions"}],"wp:featuredmedia":[{"embeddable":true,"href":"https:\/\/www.enteratever.com\/2023\/wp-json\/wp\/v2\/media\/166667"}],"wp:attachment":[{"href":"https:\/\/www.enteratever.com\/2023\/wp-json\/wp\/v2\/media?parent=166666"}],"wp:term":[{"taxonomy":"category","embeddable":true,"href":"https:\/\/www.enteratever.com\/2023\/wp-json\/wp\/v2\/categories?post=166666"},{"taxonomy":"post_tag","embeddable":true,"href":"https:\/\/www.enteratever.com\/2023\/wp-json\/wp\/v2\/tags?post=166666"}],"curies":[{"name":"wp","href":"https:\/\/api.w.org\/{rel}","templated":true}]}}