{"id":166658,"date":"2019-05-16T19:55:04","date_gmt":"2019-05-16T19:55:04","guid":{"rendered":"https:\/\/www.enteratever.com\/2023\/no-esperamos-tres-anos-para-que-bajen-tarifas-electricas-en-veracruz-empresarios\/"},"modified":"2019-05-16T19:55:04","modified_gmt":"2019-05-16T19:55:04","slug":"no-esperamos-tres-anos-para-que-bajen-tarifas-electricas-en-veracruz-empresarios","status":"publish","type":"post","link":"https:\/\/www.enteratever.com\/2023\/2019\/05\/16\/no-esperamos-tres-anos-para-que-bajen-tarifas-electricas-en-veracruz-empresarios\/","title":{"rendered":"Empresarios de Veracruz piden la misma tarifa que se le otorg\u00f3 a Tabasco"},"content":{"rendered":"<p>Visitas: 2<\/p><p style=\"text-align: justify;\">Empresarios de Veracruz llaman a la unidad y a un trato igualitario que a Tabasco, esto luego de que la Comisi\u00f3n Federal de Electricidad (CFE) condona deuda por 11 mil mdp a Tabasco y le otorga la tarifa m\u00e1s barata del pa\u00eds, los integrante del Consejo Coordinador Empresarial (CCE) del norte de Veracruz se\u00f1alan que siguen insistiendo el la reclasificaci\u00f3n de Veracruz, as\u00ed lo dio a conocer Alejandro Mondrag\u00f3n, Presidente del CCE.<\/p>\n<p style=\"text-align: justify;\">Los integrante del CCE se\u00f1alaron que apoyan las declaraciones y gestiones que realiza Ricardo Ahued, Senador por Veracruz para que se otorgue una tarifa preferencial a este estado como se le otorg\u00f3 a Tabasco. \u00abDemandamos a la Comisi\u00f3n Federal que se nos de el mismo trato que se le est\u00e1 dando a Tabasco\u00bb, agreg\u00f3.<\/p>\n<p style=\"text-align: justify;\">Ante las declaraciones de Manuel Huerta Ladr\u00f3n, Delegado de Programas de Bienes sobre el tema se\u00f1alando que en 3 a\u00f1os bajar\u00e1n las tarifas el\u00e9ctricas, tambi\u00e9n la de gas y gasolina los empresarios afirmaron que no puede esperar tanto tiempo.<\/p>\n<p style=\"text-align: justify;\">\u00abQuisi\u00e9ramos que en tres a\u00f1os no pasara otra cosa, la gasolina ha estado incrementandose, las tarifas el\u00e9ctricas seguramente en estos tres a\u00f1os van a tener aumento y nosotros la industria y los hogares tener ese beneficio que la econom\u00eda del estado pueda progresar bajo esas condiciones\u00bb, dijo.<\/p>\n<p style=\"text-align: justify;\">Hicieron un llamado a todos los veracruzanos para hacer un frente com\u00fan para hacer la exigencia, se\u00f1alan que no son celos hacia Tabasco. Tambi\u00e9n solicitaron a los funcionarias de los tres niveles de gobierno para que se sume a la petici\u00f3n, presidente municipal, diputados locales y federales y senadores.<\/p>\n<p style=\"text-align: justify;\">H\u00e9ctor M\u00e1rquez, empresario fabricante de hielo asever\u00f3 que desde el a\u00f1o pasado acudieron a la comisi\u00f3n reguladora de energ\u00eda y al senado para hacer la petici\u00f3n de reclasificaci\u00f3n, Poza Rica actualmente cuenta con la tarifa 1B, mientras que Tuxpan con la 1C, mientras que a Tabasco le otorgaron la tarifa 1F, la mas baja del pa\u00eds.<\/p>\n<p style=\"text-align: justify;\">En comparativa, con la 1B una casa paga 8 mil pesos de luz, con la 1C 6 mil pesos, con la 1F esa casa con el mismo consumo pagar\u00e1 mil 200 pesos y le toc\u00f3 por decreto a Tabasco.<\/p>\n<p style=\"text-align: justify;\">En la rueda de prensa tambi\u00e9n estuvieron presentes Jes\u00fas Herrera Franco,Presidente de Canacintra de Poza Rica; Antonio Herrera, Subdelegado de Confederaci\u00f3n Patronal de la Rep\u00fablica Mexicana (Coparmex) y Francisco El\u00edas Guevara, Presidente de la Asociaci\u00f3n de Hoteles y Moteles de la regi\u00f3n.<\/p>\n<p style=\"text-align: justify;\">\u00abSi nosotros producimos el 30 por ciento de energ\u00eda en el pa\u00eds, no es mas que justo que tambi\u00e9n pudi\u00e9ramos contar con esa bondad, contar con un precio adecuado\u00bb dijo.<\/p>\n","protected":false},"excerpt":{"rendered":"<p>Trato igualitario a Veracruz y Tabasco<\/p>\n","protected":false},"author":6,"featured_media":166659,"comment_status":"open","ping_status":"open","sticky":false,"template":"","format":"standard","meta":{"footnotes":""},"categories":[213],"tags":[],"class_list":{"0":"post-166658","1":"post","2":"type-post","3":"status-publish","4":"format-standard","5":"has-post-thumbnail","7":"category-poza-rica"},"nelio_content":{"isAutoShareEnabled":true,"autoShareEndMode":"never","automationSources":{"useCustomSentences":false,"customSentences":[]},"followers":[],"suggestedReferences":[],"efiUrl":"","efiAlt":"","highlights":[],"permalinkQueryArgs":[],"series":[]},"_links":{"self":[{"href":"https:\/\/www.enteratever.com\/2023\/wp-json\/wp\/v2\/posts\/166658","targetHints":{"allow":["GET"]}}],"collection":[{"href":"https:\/\/www.enteratever.com\/2023\/wp-json\/wp\/v2\/posts"}],"about":[{"href":"https:\/\/www.enteratever.com\/2023\/wp-json\/wp\/v2\/types\/post"}],"author":[{"embeddable":true,"href":"https:\/\/www.enteratever.com\/2023\/wp-json\/wp\/v2\/users\/6"}],"replies":[{"embeddable":true,"href":"https:\/\/www.enteratever.com\/2023\/wp-json\/wp\/v2\/comments?post=166658"}],"version-history":[{"count":0,"href":"https:\/\/www.enteratever.com\/2023\/wp-json\/wp\/v2\/posts\/166658\/revisions"}],"wp:featuredmedia":[{"embeddable":true,"href":"https:\/\/www.enteratever.com\/2023\/wp-json\/wp\/v2\/media\/166659"}],"wp:attachment":[{"href":"https:\/\/www.enteratever.com\/2023\/wp-json\/wp\/v2\/media?parent=166658"}],"wp:term":[{"taxonomy":"category","embeddable":true,"href":"https:\/\/www.enteratever.com\/2023\/wp-json\/wp\/v2\/categories?post=166658"},{"taxonomy":"post_tag","embeddable":true,"href":"https:\/\/www.enteratever.com\/2023\/wp-json\/wp\/v2\/tags?post=166658"}],"curies":[{"name":"wp","href":"https:\/\/api.w.org\/{rel}","templated":true}]}}