{"id":166626,"date":"2019-05-02T17:57:32","date_gmt":"2019-05-02T17:57:32","guid":{"rendered":"https:\/\/www.enteratever.com\/2023\/clase-trabajadora-exigen-seguridad-snte\/"},"modified":"2019-05-02T17:57:32","modified_gmt":"2019-05-02T17:57:32","slug":"clase-trabajadora-exigen-seguridad-snte","status":"publish","type":"post","link":"https:\/\/www.enteratever.com\/2023\/2019\/05\/02\/clase-trabajadora-exigen-seguridad-snte\/","title":{"rendered":"Clase trabajadora exigen seguridad: SNTE"},"content":{"rendered":"<p>Visitas: 1<\/p><p style=\"text-align: justify;\">Ante la incertidumbre que se vive por la situaci\u00f3n actual de inseguridad que se vive no solo en Veracruz sino a nivel nacional, los trabajadores exigen seguridad a los tres niveles de gobierno, se\u00f1alan que tienen temor cuando salen a la calle y que al regresar sus familias est\u00e9n a salvo.<\/p>\n<p style=\"text-align: justify;\">Jos\u00e9 Luis Guzm\u00e1n Gonz\u00e1lez, Coordinador sindical de Poza Rica del Sindicato Nacional de Trabajadores de la Educaci\u00f3n (SNTE) secci\u00f3n 32, en el D\u00eda del Trabajo, luego del desfile que se realiz\u00f3 por las principales calles de la ciudad, hizo uso de la voz en la Plaza C\u00edvica 18 de marzo a nombre de la clase trabajadora.<\/p>\n<p style=\"text-align: justify;\">Afirm\u00f3 que a pesar de los embates y los intentos por desestabilizar y desaparecer a los sindicatos, estos crecen a la adversidad y se unen para defender y hacer cada d\u00eda m\u00e1s fuertes a las organizaciones sindicales. A los trabajadores les agobian nuevas preocupaciones, debido a que salea a trabajar con la angustia de no saber si van a regresar con bien a sus hogares o si al volver estar\u00e1n a salvo sus familias.<\/p>\n<p style=\"text-align: justify;\">\u201cLa inseguridad se ha adue\u00f1ado de las calles de nuestra ciudad, de nuestro estado y de nuestro pa\u00eds entero, hoy los trabajadores de M\u00e9xico y Veracruz, demandamos seguridad para nuestras familias, queremos vivir y trabajar en paz\u201d, sostuvo.<br \/>\nEl maestro dijo que desde Poza Rica les hac\u00eda un llamado a las autoridades de los tres niveles de gobierno \u201cles decimos que ya no queremos vivir con temor\u201d, as\u00ed mismo solicit\u00f3 su intervenci\u00f3n para garantizar su bienestar, \u201cLas mujeres trabajadoras, los trabajadores del campo, comerciantes, empleados y los maestros exigimos seguridad para nuestras familias\u201d. Exhort\u00f3 a los presente a seguir luchando para lograr nuevas conquistas salariales, asegur\u00f3 que con la unidad todo es posible.<\/p>\n<p style=\"text-align: justify;\">Destac\u00f3 que el D\u00eda del Trabajo es una de las conmemoraciones con mayor significado para los trabajadores de todo el mundo, ya que permite recordar y honrar a los m\u00e1rtires de Chicago, Cananea y R\u00edo Blanco, y a todos aquellos que han ofrendado su viva a lo largo de la historia para obtener un salario justo y mejores prestaciones.<\/p>\n<p style=\"text-align: justify;\">\u201cHoy se hace muy necesario echar una mirada al pasado para no olvidar el legado de miles de trabajadores que nos han ense\u00f1ado que solamente unidos y organizados podemos alcanzar mejores conquistas salariales, para no olvidar que solamente unidos y organizados en torno a nuestras organizaciones sindicales seguiremos escribiendo la historia de nuestro pa\u00eds\u201d, agreg\u00f3.<\/p>\n<p style=\"text-align: justify;\">Los mexicanos dijo siempre han luchado por exigir una salario justo, atenci\u00f3n m\u00e9dica, pago de horas extras y la certeza laboral, se debe continuar luchando para no permitir que se arrebaten las conquistas sindicales.<\/p>\n","protected":false},"excerpt":{"rendered":"<p>\u201cLas mujeres trabajadoras, los trabajadores del campo, comerciantes, empleados y los maestros exigimos seguridad para nuestras familias\u201d.<\/p>\n","protected":false},"author":6,"featured_media":166627,"comment_status":"open","ping_status":"open","sticky":false,"template":"","format":"standard","meta":{"footnotes":""},"categories":[213],"tags":[],"class_list":{"0":"post-166626","1":"post","2":"type-post","3":"status-publish","4":"format-standard","5":"has-post-thumbnail","7":"category-poza-rica"},"nelio_content":{"isAutoShareEnabled":true,"autoShareEndMode":"never","automationSources":{"useCustomSentences":false,"customSentences":[]},"followers":[],"suggestedReferences":[],"efiUrl":"","efiAlt":"","highlights":[],"permalinkQueryArgs":[],"series":[]},"_links":{"self":[{"href":"https:\/\/www.enteratever.com\/2023\/wp-json\/wp\/v2\/posts\/166626","targetHints":{"allow":["GET"]}}],"collection":[{"href":"https:\/\/www.enteratever.com\/2023\/wp-json\/wp\/v2\/posts"}],"about":[{"href":"https:\/\/www.enteratever.com\/2023\/wp-json\/wp\/v2\/types\/post"}],"author":[{"embeddable":true,"href":"https:\/\/www.enteratever.com\/2023\/wp-json\/wp\/v2\/users\/6"}],"replies":[{"embeddable":true,"href":"https:\/\/www.enteratever.com\/2023\/wp-json\/wp\/v2\/comments?post=166626"}],"version-history":[{"count":0,"href":"https:\/\/www.enteratever.com\/2023\/wp-json\/wp\/v2\/posts\/166626\/revisions"}],"wp:featuredmedia":[{"embeddable":true,"href":"https:\/\/www.enteratever.com\/2023\/wp-json\/wp\/v2\/media\/166627"}],"wp:attachment":[{"href":"https:\/\/www.enteratever.com\/2023\/wp-json\/wp\/v2\/media?parent=166626"}],"wp:term":[{"taxonomy":"category","embeddable":true,"href":"https:\/\/www.enteratever.com\/2023\/wp-json\/wp\/v2\/categories?post=166626"},{"taxonomy":"post_tag","embeddable":true,"href":"https:\/\/www.enteratever.com\/2023\/wp-json\/wp\/v2\/tags?post=166626"}],"curies":[{"name":"wp","href":"https:\/\/api.w.org\/{rel}","templated":true}]}}